{"id":27875,"date":"2023-12-19T15:00:00","date_gmt":"2023-12-19T14:00:00","guid":{"rendered":"https:\/\/plsn.eu\/przedluzamy-nabory\/"},"modified":"2024-10-17T23:45:49","modified_gmt":"2024-10-17T21:45:49","slug":"calls-verlangert","status":"publish","type":"post","link":"https:\/\/plsn.eu\/de\/calls-verlangert\/","title":{"rendered":"CALLS VERL\u00c4NGERT!"},"content":{"rendered":"\n<p><strong>neue Fristen f\u00fcr Antragsteller<span style=\"color: rgb(51, 51, 51); font-family: Ubuntu, &quot;Helvetica Neue&quot;, Helvetica, Arial, sans-serif; font-size: 14px; white-space-collapse: collapse;\"><\/span><\/strong><\/p>\n\n\n\n<p><strong>Wir m\u00f6chten unseren Antragstellern mitteilen, dass die laufenden Calls verl\u00e4ngert worden sind:<\/strong><\/p>\n\n\n\n<ul class=\"wp-block-list\">\n<li>Call f\u00fcr das spezifische Ziel 1.1: F\u00f6rderung der Anpassung an den Klimawandel, der Katastrophenpr\u00e4vention und der Katastrophenresilienz unter Ber\u00fccksichtigung von \u00f6kosystembasierten Ans\u00e4tzen (urspr\u00fcngliches Schlussdatum des Calls: 31.01.2024)<br><strong>&#8211; bis zum 15. M\u00e4rz 2024<\/strong>,<\/li>\n\n\n\n<li>Call f\u00fcr das spezifische Ziel und 2.1: Verbesserung des gleichberechtigten Zugangs zu inklusiven und hochwertigen Dienstleistungen in den Bereichen allgemeine und berufliche Bildung sowie lebenslanges Lernen durch Entwicklung barrierefreier Infrastruktur, auch durch F\u00f6rderung der Resilienz des Fern- und Online-Unterrichts in der allgemeinen und beruflichen Bildung (urspr\u00fcngliches Schlussdatum des Calls: 31.01.2024)<br><strong>&#8211; bis zum 15. M\u00e4rz 2024.<\/strong><\/li>\n<\/ul>\n\n\n\n<p>Die f\u00fcr den Januar 2024 geplanten Calls f\u00fcr die spezifischen Ziele 2.2 (Tourismus) und 3.1 (Kooperation) werden&nbsp;<strong>bis zum 30. April 2024<\/strong>&nbsp;dauern: &nbsp;<\/p>\n\n\n\n<ul class=\"wp-block-list\">\n<li>Call f\u00fcr das spezifische Ziel 2.2: St\u00e4rkung der Rolle von Kultur und nachhaltigem Tourismus f\u00fcr die Wirtschaftsentwicklung, soziale Inklusion und soziale Innovation,<\/li>\n\n\n\n<li>Call f\u00fcr das spezifische Ziel 3.1: Weitere Ma\u00dfnahmen zur Unterst\u00fctzung von \u201eBessere Governance in Bezug auf die Zusammenarbeit\u201c.<br>&nbsp;<\/li>\n<\/ul>\n\n\n\n<p><\/p>\n","protected":false},"excerpt":{"rendered":"<p>neue Fristen f\u00fcr Antragsteller Wir m\u00f6chten unseren Antragstellern mitteilen, dass die laufenden Calls verl\u00e4ngert worden sind: Die f\u00fcr den Januar 2024 geplanten Calls f\u00fcr die spezifischen Ziele 2.2 (Tourismus) und 3.1 (Kooperation) werden&nbsp;bis zum 30. April 2024&nbsp;dauern: &nbsp;<\/p>\n","protected":false},"author":18,"featured_media":0,"comment_status":"open","ping_status":"open","sticky":false,"template":"","format":"standard","meta":{"_acf_changed":false,"inline_featured_image":false,"_themeisle_gutenberg_block_has_review":false,"footnotes":"","_links_to":"","_links_to_target":""},"categories":[1555],"tags":[],"class_list":["post-27875","post","type-post","status-publish","format-standard","hentry","category-aktuelles"],"acf":[],"_links":{"self":[{"href":"https:\/\/plsn.eu\/de\/wp-json\/wp\/v2\/posts\/27875","targetHints":{"allow":["GET"]}}],"collection":[{"href":"https:\/\/plsn.eu\/de\/wp-json\/wp\/v2\/posts"}],"about":[{"href":"https:\/\/plsn.eu\/de\/wp-json\/wp\/v2\/types\/post"}],"author":[{"embeddable":true,"href":"https:\/\/plsn.eu\/de\/wp-json\/wp\/v2\/users\/18"}],"replies":[{"embeddable":true,"href":"https:\/\/plsn.eu\/de\/wp-json\/wp\/v2\/comments?post=27875"}],"version-history":[{"count":2,"href":"https:\/\/plsn.eu\/de\/wp-json\/wp\/v2\/posts\/27875\/revisions"}],"predecessor-version":[{"id":28004,"href":"https:\/\/plsn.eu\/de\/wp-json\/wp\/v2\/posts\/27875\/revisions\/28004"}],"wp:attachment":[{"href":"https:\/\/plsn.eu\/de\/wp-json\/wp\/v2\/media?parent=27875"}],"wp:term":[{"taxonomy":"category","embeddable":true,"href":"https:\/\/plsn.eu\/de\/wp-json\/wp\/v2\/categories?post=27875"},{"taxonomy":"post_tag","embeddable":true,"href":"https:\/\/plsn.eu\/de\/wp-json\/wp\/v2\/tags?post=27875"}],"curies":[{"name":"wp","href":"https:\/\/api.w.org\/{rel}","templated":true}]}}