{"id":27893,"date":"2023-10-23T11:00:00","date_gmt":"2023-10-23T09:00:00","guid":{"rendered":"https:\/\/plsn.eu\/aktualizacja-harmonogramu-naborow-wnioskow-o-dofinansowanie\/"},"modified":"2024-10-16T23:31:01","modified_gmt":"2024-10-16T21:31:01","slug":"zeitplan-der-calls-aktualisiert","status":"publish","type":"post","link":"https:\/\/plsn.eu\/de\/zeitplan-der-calls-aktualisiert\/","title":{"rendered":"Zeitplan der Calls \u2013 aktualisiert"},"content":{"rendered":"\n<p>Sehr geehrte Damen und Herren,<br>&nbsp;<\/p>\n\n\n\n<p>noch&nbsp;<strong>im Oktober 2023&nbsp;<\/strong>starten die n\u00e4chsten Calls in spezifischen Zielen:<\/p>\n\n\n\n<p><strong>1.1. F\u00f6rderung der Anpassung an den Klimawandel, der Katastrophenpr\u00e4vention und der Katastrophenresilienz unter Ber\u00fccksichtigung von \u00f6kosystembasierten Ans\u00e4tzen&nbsp;<\/strong><\/p>\n\n\n\n<p><strong>2.1. Verbesserung des gleichberechtigten Zugangs zu inklusiven und hochwertigen Dienstleistungen in den Bereichen allgemeine und berufliche Bildung sowie lebenslanges Lernen durch Entwicklung barrierefreier Infrastruktur, auch durch F\u00f6rderung der Resilienz des Fern- und Online-Unterrichts in der allgemeinen und beruflichen Bildung.<\/strong><\/p>\n\n\n\n<p><strong>Im Januar 2024&nbsp;<\/strong>er\u00f6ffnen&nbsp;wir die Calls f\u00fcr die weiteren spezifischen Ziele:<\/p>\n\n\n\n<p><strong>2.2. St\u00e4rkung der Rolle von Kultur und nachhaltigem Tourismus f\u00fcr die Wirtschaftsentwicklung, soziale Inklusion und soziale Innovation&nbsp;&nbsp;<\/strong><\/p>\n\n\n\n<p><strong>3.1. Weitere Ma\u00dfnahmen zur Unterst\u00fctzung von \u201eBessere Governance in Bezug auf die Zusammenarbeit\u201c&nbsp;<\/strong><br>&nbsp;<\/p>\n\n\n\n<p id=\"yui_patched_v3_11_0_1_1698225099864_374\">Einen ausf\u00fchrlichen&nbsp;Zeitplan der Calls f\u00fcr das Jahr 2023 und 2024 mit Beschreibung der Projekttype und&nbsp;antragsberechtigte&nbsp;Beg\u00fcnstigte, mit Zeitrahmen, Mittelausstattung und weiteren Hinweisen&nbsp;finden Sie hier:<\/p>\n\n\n\r\n<div class=\"\">\r\n  <!-- Documents -->\r\n\r\n      <ul class=\"row list-unstyled\">\r\n    \r\n    <li class=\"document-list\">\r\n      <div class=\"col-lg-12 col-12\">\r\n        <div class=\"document-list__element document-list__element--border row align-items-start\">\r\n          <div class=\"col-1\">\r\n            <input class=\"downloadFiles_9153 document-list__element--check-input form-check-input\"\r\n              data-file=\"https:\/\/plsn.eu\/wp-content\/uploads\/2023\/10\/Zeitplan-der-Calls_Interreg-PL-SN.pdf\" type=\"checkbox\"\r\n              id=\"dlcstatus91530tlt9153\"\r\n              aria-label=\"Zaznacz do pobrania Zeitplan der Calls f\u00fcr Projekte im KP Interreg Polen-Sachsen 2021-2027 \"\r\n              onclick=\"disableToggleAll('status9153');\">\r\n          <\/div>\r\n          <div class=\"col-11\">\r\n            <div class=\"row\">\r\n              <div class=\"col-8\">\r\n                <a href=\"https:\/\/plsn.eu\/wp-content\/uploads\/2023\/10\/Zeitplan-der-Calls_Interreg-PL-SN.pdf\" target=\"_blank\" >\r\n                  <span class=\"visually-hidden\">Vorschau<\/span>\r\n                  <h3 class=\"col-12 document-list__element--title\">Zeitplan der Calls f\u00fcr Projekte im KP Interreg Polen-Sachsen 2021-2027                   <\/h3>\r\n                <\/a>\r\n              <\/div>\r\n              <div class=\"col-4 d-flex align-items-start justify-content-end download-btn-col\">\r\n                <a href=\"https:\/\/plsn.eu\/wp-content\/uploads\/2023\/10\/Zeitplan-der-Calls_Interreg-PL-SN.pdf\"  target=\"_blank\" class=\"download-wrapper\" download>\r\n                  <span class=\"d-block download-wrapper--icon \">\r\n                    <svg width=\"19\" height=\"23\" viewBox=\"0 0 19 23\" fill=\"none\" xmlns=\"http:\/\/www.w3.org\/2000\/svg\">\r\n                      <path fill-rule=\"evenodd\" clip-rule=\"evenodd\"\r\n                        d=\"M2.37498 15.8125C2.81221 15.8125 3.16665 16.1343 3.16665 16.5312V19.4062C3.16665 19.5969 3.25005 19.7797 3.39852 19.9145C3.54699 20.0493 3.74835 20.125 3.95831 20.125H15.0416C15.2516 20.125 15.453 20.0493 15.6014 19.9145C15.7499 19.7797 15.8333 19.5969 15.8333 19.4062V16.5312C15.8333 16.1343 16.1878 15.8125 16.625 15.8125C17.0622 15.8125 17.4166 16.1343 17.4166 16.5312V19.4062C17.4166 19.9781 17.1664 20.5266 16.721 20.9309C16.2756 21.3353 15.6715 21.5625 15.0416 21.5625H3.95831C3.32842 21.5625 2.72433 21.3353 2.27893 20.9309C1.83354 20.5266 1.58331 19.9781 1.58331 19.4062V16.5312C1.58331 16.1343 1.93775 15.8125 2.37498 15.8125Z\"\r\n                        fill=\"#FF5F20\"><\/path>\r\n                      <path fill-rule=\"evenodd\" clip-rule=\"evenodd\"\r\n                        d=\"M4.98187 12.4293C5.29104 12.1486 5.79229 12.1486 6.10146 12.4293L9.5 15.5148L12.8985 12.4293C13.2077 12.1486 13.709 12.1486 14.0181 12.4293C14.3273 12.71 14.3273 13.165 14.0181 13.4457L10.0598 17.0395C9.75063 17.3202 9.24937 17.3202 8.94021 17.0395L4.98187 13.4457C4.67271 13.165 4.67271 12.71 4.98187 12.4293Z\"\r\n                        fill=\"#FF5F20\"><\/path>\r\n                      <path fill-rule=\"evenodd\" clip-rule=\"evenodd\"\r\n                        d=\"M9.49998 1.4375C9.9372 1.4375 10.2916 1.7593 10.2916 2.15625V9.34375C10.2916 9.7407 9.9372 10.0625 9.49998 10.0625C9.06275 10.0625 8.70831 9.7407 8.70831 9.34375V2.15625C8.70831 1.7593 9.06275 1.4375 9.49998 1.4375Z\"\r\n                        fill=\"#FF5F20\"><\/path>\r\n                    <\/svg>\r\n                  <\/span>\r\n                  <span class=\"visually-hidden\">Pobierz do pliku                    Zeitplan der Calls f\u00fcr Projekte im KP Interreg Polen-Sachsen 2021-2027 <\/span>\r\n                  <span\r\n                    class=\"download_txt_scr download-wrapper--text text-medium-2 text-uppercase download-wrapper--text--dark-blue  d-none d-sm-block d-sm-none d-md-block \">\r\n                    Herunterladen                  <\/span>\r\n                <\/a>\r\n              <\/div>\r\n            <\/div>\r\n\r\n            <div class=\"row\">\r\n              <div class=\"col-10\">\r\n                <div class=\"row\">\r\n\r\n                  <div\r\n                    class=\"col-12 document-list__element__desc document-list__element__desc__shorter document-list__element__desc--date document-list__element__desc--d-none\">\r\n                    <span>pdf<\/span>\r\n                                        <span>136.07 KB<\/span>\r\n                    \r\n\r\n\r\n                  <\/div>\r\n\r\n                  <div\r\n                    class=\"row document-list__element__desc document-list__element__desc--date document-list__element__desc--m-none\">\r\n                    <div class=\"col-12\">\r\n                      <span>pdf<\/span>\r\n                      <svg width=\"2\" height=\"2\" viewBox=\"0 0 2 2\" fill=\"none\" xmlns=\"http:\/\/www.w3.org\/2000\/svg\"\r\n                        class=\"document-list__element__desc--dot-separator\">\r\n                        <circle cx=\"1\" cy=\"1\" r=\"1\" fill=\"#4F4F4F\"><\/circle>\r\n                      <\/svg>\r\n\r\n                      \r\n                      <span>136.07 KB<\/span>                    <\/div>\r\n                    <div class=\"col-12 mt-5px\">\r\n\r\n                      \r\n                    <\/div>\r\n                  <\/div>\r\n\r\n\r\n                <\/div>\r\n                                <div class=\"row\">\r\n                  <div class=\"col-12 document-list__element__desc document-list__element__desc__additional align-items-center\">\r\n\r\n\r\n                    \r\n                    \r\n                    \r\n                                      <\/div>\r\n\r\n                <\/div>\r\n\r\n              <\/div>\r\n\r\n              \r\n            <\/div>\r\n          <\/div>\r\n        <\/div>\r\n      <\/div>\r\n    <\/li>\r\n          <\/ul>\r\n\r\n  \r\n\r\n  <!-- \/Documents -->\r\n<\/div>\r\n\n\n\n<div style=\"height:24px\" aria-hidden=\"true\" class=\"wp-block-spacer\"><\/div>\n\n\n\n<p>F\u00fcr\u00a0<strong><a href=\"https:\/\/de.plsn.eu\/-\/individuelle-beratung-zu-projektideen\">Beratung zu Ihren Projektideen<\/a>\u00a0<\/strong>sind wir laufend f\u00fcr Sie da!\u00a0Wir laden Sie auch jetzt schon ein, an unseren Workshops f\u00fcr Antragsteller teilzunehmen, die wir w\u00e4hrend der Calls organisieren werden.\u00a0Verfolgen Sie bitte aktuelle Informationen auf unserer Webseite und Facebook.<\/p>\n","protected":false},"excerpt":{"rendered":"<p>Sehr geehrte Damen und Herren,&nbsp; noch&nbsp;im Oktober 2023&nbsp;starten die n\u00e4chsten Calls in spezifischen Zielen: 1.1. F\u00f6rderung der Anpassung an den Klimawandel, der Katastrophenpr\u00e4vention und der Katastrophenresilienz unter Ber\u00fccksichtigung von \u00f6kosystembasierten Ans\u00e4tzen&nbsp; 2.1. Verbesserung des gleichberechtigten Zugangs zu inklusiven und hochwertigen Dienstleistungen in den Bereichen allgemeine und berufliche Bildung sowie lebenslanges Lernen durch Entwicklung barrierefreier Infrastruktur, [&hellip;]<\/p>\n","protected":false},"author":18,"featured_media":0,"comment_status":"open","ping_status":"open","sticky":false,"template":"","format":"standard","meta":{"_acf_changed":false,"inline_featured_image":false,"_themeisle_gutenberg_block_has_review":false,"footnotes":"","_links_to":"","_links_to_target":""},"categories":[1555],"tags":[],"class_list":["post-27893","post","type-post","status-publish","format-standard","hentry","category-aktuelles"],"acf":[],"_links":{"self":[{"href":"https:\/\/plsn.eu\/de\/wp-json\/wp\/v2\/posts\/27893","targetHints":{"allow":["GET"]}}],"collection":[{"href":"https:\/\/plsn.eu\/de\/wp-json\/wp\/v2\/posts"}],"about":[{"href":"https:\/\/plsn.eu\/de\/wp-json\/wp\/v2\/types\/post"}],"author":[{"embeddable":true,"href":"https:\/\/plsn.eu\/de\/wp-json\/wp\/v2\/users\/18"}],"replies":[{"embeddable":true,"href":"https:\/\/plsn.eu\/de\/wp-json\/wp\/v2\/comments?post=27893"}],"version-history":[{"count":2,"href":"https:\/\/plsn.eu\/de\/wp-json\/wp\/v2\/posts\/27893\/revisions"}],"predecessor-version":[{"id":27897,"href":"https:\/\/plsn.eu\/de\/wp-json\/wp\/v2\/posts\/27893\/revisions\/27897"}],"wp:attachment":[{"href":"https:\/\/plsn.eu\/de\/wp-json\/wp\/v2\/media?parent=27893"}],"wp:term":[{"taxonomy":"category","embeddable":true,"href":"https:\/\/plsn.eu\/de\/wp-json\/wp\/v2\/categories?post=27893"},{"taxonomy":"post_tag","embeddable":true,"href":"https:\/\/plsn.eu\/de\/wp-json\/wp\/v2\/tags?post=27893"}],"curies":[{"name":"wp","href":"https:\/\/api.w.org\/{rel}","templated":true}]}}