{"id":27984,"date":"2022-02-21T23:05:00","date_gmt":"2022-02-21T22:05:00","guid":{"rendered":"https:\/\/plsn.eu\/program-na-lata-2021-2027-zlozony-do-komisji-europejskiej\/"},"modified":"2024-10-17T23:50:40","modified_gmt":"2024-10-17T21:50:40","slug":"das-programm-2021-2027-wurde-der-europaischen-kommission-vorgelegt","status":"publish","type":"post","link":"https:\/\/plsn.eu\/de\/das-programm-2021-2027-wurde-der-europaischen-kommission-vorgelegt\/","title":{"rendered":"Das Programm 2021-2027 wurde der Europ\u00e4ischen Kommission vorgelegt"},"content":{"rendered":"\n<p><strong>WICHTIG!<span style=\"color: rgb(51, 51, 51); font-family: Ubuntu, &quot;Helvetica Neue&quot;, Helvetica, Arial, sans-serif; font-size: 14px; white-space-collapse: collapse;\"><\/span><\/strong><\/p>\n\n\n\n<div style=\"height:29px\" aria-hidden=\"true\" class=\"wp-block-spacer\"><\/div>\n\n\n\n<p>Mit gro\u00dfer Freude d\u00fcrfen wir Ihnen mitteilen, dass&nbsp;<strong>der Entwurf des Kooperationsprogramms Interreg Polen-Sachsen 2021-2027 am 17. Februar der Europ\u00e4ischen Kommission vorgelegt wurde<\/strong>. Vorher hat der Ministerrat der Republik Polen sowie die S\u00e4chsische Staatsregierung das Programmdokument genehmigt. Nach der Best\u00e4tigung des Programms durch die Europ\u00e4ische Kommission, was hoffentlich in den kommenden Monaten geschieht, wird die Umsetzung des Programms und somit, die ersten Calls erm\u00f6glicht, worauf zweifelslos die potentiellen Projekttr\u00e4ger besonders warten.<\/p>\n\n\n\n<figure class=\"wp-block-image size-large\"><img loading=\"lazy\" decoding=\"async\" width=\"1024\" height=\"309\" src=\"https:\/\/plsn.eu\/wp-content\/uploads\/2022\/02\/Interreg-Logo-Polen-Sachsen-neu-DE-1024x309.jpg\" alt=\"\" class=\"wp-image-27989\" srcset=\"https:\/\/plsn.eu\/wp-content\/uploads\/2022\/02\/Interreg-Logo-Polen-Sachsen-neu-DE-1024x309.jpg 1024w, https:\/\/plsn.eu\/wp-content\/uploads\/2022\/02\/Interreg-Logo-Polen-Sachsen-neu-DE-300x90.jpg 300w, https:\/\/plsn.eu\/wp-content\/uploads\/2022\/02\/Interreg-Logo-Polen-Sachsen-neu-DE-768x232.jpg 768w, https:\/\/plsn.eu\/wp-content\/uploads\/2022\/02\/Interreg-Logo-Polen-Sachsen-neu-DE-1536x463.jpg 1536w, https:\/\/plsn.eu\/wp-content\/uploads\/2022\/02\/Interreg-Logo-Polen-Sachsen-neu-DE.jpg 1903w\" sizes=\"auto, (max-width: 1024px) 100vw, 1024px\" \/><\/figure>\n","protected":false},"excerpt":{"rendered":"<p>WICHTIG! Mit gro\u00dfer Freude d\u00fcrfen wir Ihnen mitteilen, dass&nbsp;der Entwurf des Kooperationsprogramms Interreg Polen-Sachsen 2021-2027 am 17. Februar der Europ\u00e4ischen Kommission vorgelegt wurde. Vorher hat der Ministerrat der Republik Polen sowie die S\u00e4chsische Staatsregierung das Programmdokument genehmigt. Nach der Best\u00e4tigung des Programms durch die Europ\u00e4ische Kommission, was hoffentlich in den kommenden Monaten geschieht, wird die [&hellip;]<\/p>\n","protected":false},"author":20,"featured_media":0,"comment_status":"open","ping_status":"open","sticky":false,"template":"","format":"standard","meta":{"_acf_changed":false,"inline_featured_image":false,"_themeisle_gutenberg_block_has_review":false,"footnotes":"","_links_to":"","_links_to_target":""},"categories":[1555],"tags":[],"class_list":["post-27984","post","type-post","status-publish","format-standard","hentry","category-aktuelles"],"acf":[],"_links":{"self":[{"href":"https:\/\/plsn.eu\/de\/wp-json\/wp\/v2\/posts\/27984","targetHints":{"allow":["GET"]}}],"collection":[{"href":"https:\/\/plsn.eu\/de\/wp-json\/wp\/v2\/posts"}],"about":[{"href":"https:\/\/plsn.eu\/de\/wp-json\/wp\/v2\/types\/post"}],"author":[{"embeddable":true,"href":"https:\/\/plsn.eu\/de\/wp-json\/wp\/v2\/users\/20"}],"replies":[{"embeddable":true,"href":"https:\/\/plsn.eu\/de\/wp-json\/wp\/v2\/comments?post=27984"}],"version-history":[{"count":3,"href":"https:\/\/plsn.eu\/de\/wp-json\/wp\/v2\/posts\/27984\/revisions"}],"predecessor-version":[{"id":28009,"href":"https:\/\/plsn.eu\/de\/wp-json\/wp\/v2\/posts\/27984\/revisions\/28009"}],"wp:attachment":[{"href":"https:\/\/plsn.eu\/de\/wp-json\/wp\/v2\/media?parent=27984"}],"wp:term":[{"taxonomy":"category","embeddable":true,"href":"https:\/\/plsn.eu\/de\/wp-json\/wp\/v2\/categories?post=27984"},{"taxonomy":"post_tag","embeddable":true,"href":"https:\/\/plsn.eu\/de\/wp-json\/wp\/v2\/tags?post=27984"}],"curies":[{"name":"wp","href":"https:\/\/api.w.org\/{rel}","templated":true}]}}