{"id":28025,"date":"2023-09-28T09:00:00","date_gmt":"2023-09-28T07:00:00","guid":{"rendered":"https:\/\/plsn.eu\/zapraszamy-na-wydarzenie-roczne\/"},"modified":"2024-10-18T00:09:27","modified_gmt":"2024-10-17T22:09:27","slug":"einladung-zur-jahres-veranstaltung","status":"publish","type":"post","link":"https:\/\/plsn.eu\/de\/einladung-zur-jahres-veranstaltung\/","title":{"rendered":"Einladung zur JAHRES-VERANSTALTUNG!"},"content":{"rendered":"\n<p><strong>Bautzen, 18.10.2023<span style=\"color: rgb(51, 51, 51); font-family: Ubuntu, &quot;Helvetica Neue&quot;, Helvetica, Arial, sans-serif; font-size: 14px; white-space-collapse: collapse;\"><\/span><div style=\"color: rgb(51, 51, 51); font-family: Ubuntu, &quot;Helvetica Neue&quot;, Helvetica, Arial, sans-serif; font-size: 14px; white-space-collapse: collapse;\"><\/div><\/strong><div><b style=\"color: rgb(51, 51, 51); font-family: Ubuntu, &quot;Helvetica Neue&quot;, Helvetica, Arial, sans-serif; font-size: 14px; white-space-collapse: collapse;\"><\/b><\/div><\/p>\n\n\n\n<p><strong>Wir laden Sie zur JAHRESVERANSTALTUG des Kooperationsprogramms&nbsp; Interreg Polen &#8211; Sachsen 2021-2027&nbsp;herzlich ein!<\/strong><\/p>\n\n\n\n<p>Im Jahr 2023 m\u00f6chten wir Sie am 18. Oktober in der sch\u00f6nen s\u00e4chsischen Stadt Bautzen begr\u00fc\u00dfen. Das Programm umfasst die&nbsp;<strong>Abschlusskonferenz der F\u00f6rderperiode 2014-2020 und die Partnerb\u00f6rse f\u00fcr potentielle Beg\u00fcnstigte des Kooperationsprogramms Polen &#8211; Sachsen 2021-2027<\/strong>. Im ersten Teil m\u00f6chten wir die bisherige F\u00f6rderperiode zusammenfassen und Errungenschaften der s\u00e4chsisch-polnischen Projekte pr\u00e4sentieren. Die anschlie\u00dfende Partnerb\u00f6rse soll Sie bei der Suche nach Ansprechpartnern aus einschl\u00e4gigen Institutionen im Nachbarland unterst\u00fctzen. Wir hoffen, Ihnen damit die M\u00f6glichkeit zu geben, neue, interessante grenz\u00fcberschreitende Partnerschaften zu kn\u00fcpfen.<\/p>\n\n\n\n<p>An dem Infostand werden wir uns bem\u00fchen alle Ihre Fragen zum Programm zu beanworten und u.a. Auskunft zu kommenden Calls und zu anderen f\u00fcr Sie wichtigen Themen geben.<\/p>\n\n\n\n<p>Beide Programmteile werden in folgenden Zeitrahmen geplant:<br>9:30 Anmeldung der G\u00e4ste, Begr\u00fc\u00dfungskaffee<br>10:00 \u2013 12:00 Abschlusskonferenz des Kooperationsprogramms Interreg Polen \u2013 Sachsen 2014-2020<br>12:00 \u2013 13:00 Lunch<br>13:00 \u2013 15:00 Partnerb\u00f6rse des Kooperationsprogramms Interreg Polen \u2013 Sachsen 2021-2027<\/p>\n\n\n\n<p>\u00dcber den genauen Standort werden wir Sie in wenigen Tagen weiter informieren.<\/p>\n\n\n\n<p>Um Best\u00e4tigung Ihrer Teilnahme nutzen Sie bitte folgende Online-Formulare (Teilnehemerzahl begrenzt):<br><strong>\u2192 Anmeldung zur ABSCHLUSSKONFERENZ:&nbsp;<a href=\"https:\/\/l.facebook.com\/l.php?u=https%3A%2F%2Fforms.office.com%2Fe%2F5WApZkn7Se%3Ffbclid%3DIwAR0I5rdlAqEV05t_TScwFjgc34PM5MVMbiY3Vu-BiOaDfnWS7NoHtnpopMA&amp;h=AT3K8noHtCpjIKKi9VFxLMizqf64n9LZX0XeH6StAUncLpHdjU0IUz31XBJsFAO7ea7aK0_ayyZYQvqlx11RzFC4vamKyENhD8shU9iH21DqbwSQWf2qNKLwDBbKlpxBujJT&amp;__tn__=-UK-R&amp;c[0]=AT1XglMwIM7JJkna2WG2Zo0g4rIRxURCbvzZBwWKF-bb3GOU3P2PlVu6o4HTKEBUyxqcFb82UD53cpWZqjW_9tbagg82_MyWfkea4z7u7nydRCH4oKxuaTikJYZvoZKJBg_npIBWhV5M9yky7d9PXn5JYbKLEbqSi9xyfmoFlYupOPDTQQ\" rel=\"noreferrer noopener nofollow\" target=\"_blank\">https:\/\/forms.office.com\/e\/5WApZkn7Se<\/a><br>\u2192 Anmeldung zur PARTERB\u00d6RSE:&nbsp;<a href=\"https:\/\/l.facebook.com\/l.php?u=https%3A%2F%2Fforumsystem.eu%2Fkonferenz%2F71%3Ffbclid%3DIwAR0RY99PVF84hg3rpfsUmfBOZlgLNpNjY8vXhbSIhyOefu9LoeP20QHttlQ&amp;h=AT3sopMVcCTY4VLEskUQlxtD_U6jfs7-8557Zjw04UcyNzpRoAwAoFoBrL24jiTVZyU42Cv1T03ut7vPyx-mYkbtPvgNhvq4iCdYgKXljr74smYWFXTfkMa3p4RUIVOd5VuQ&amp;__tn__=-UK-R&amp;c[0]=AT1XglMwIM7JJkna2WG2Zo0g4rIRxURCbvzZBwWKF-bb3GOU3P2PlVu6o4HTKEBUyxqcFb82UD53cpWZqjW_9tbagg82_MyWfkea4z7u7nydRCH4oKxuaTikJYZvoZKJBg_npIBWhV5M9yky7d9PXn5JYbKLEbqSi9xyfmoFlYupOPDTQQ\" rel=\"noreferrer noopener nofollow\" target=\"_blank\">https:\/\/forumsystem.eu\/konferenz\/71<\/a><\/strong><\/p>\n\n\n\n<p>F\u00fcr weitere Fragen stehen wir Ihnen gerne unter Telefonnummer: +48 782 110 237 oder per E-Mail: kontakt@plsn.eu zur Verf\u00fcgung.<\/p>\n\n\n\n<div style=\"height:32px\" aria-hidden=\"true\" class=\"wp-block-spacer\"><\/div>\n\n\n\n<figure class=\"wp-block-image size-large\"><img loading=\"lazy\" decoding=\"async\" width=\"724\" height=\"1024\" src=\"https:\/\/plsn.eu\/wp-content\/uploads\/2024\/10\/Wydarzenie-roczne-2023-plakat-724x1024.png\" alt=\"\" class=\"wp-image-27050\" srcset=\"https:\/\/plsn.eu\/wp-content\/uploads\/2024\/10\/Wydarzenie-roczne-2023-plakat-724x1024.png 724w, https:\/\/plsn.eu\/wp-content\/uploads\/2024\/10\/Wydarzenie-roczne-2023-plakat-212x300.png 212w, https:\/\/plsn.eu\/wp-content\/uploads\/2024\/10\/Wydarzenie-roczne-2023-plakat-768x1086.png 768w, https:\/\/plsn.eu\/wp-content\/uploads\/2024\/10\/Wydarzenie-roczne-2023-plakat-1086x1536.png 1086w, https:\/\/plsn.eu\/wp-content\/uploads\/2024\/10\/Wydarzenie-roczne-2023-plakat-1448x2048.png 1448w, https:\/\/plsn.eu\/wp-content\/uploads\/2024\/10\/Wydarzenie-roczne-2023-plakat.png 1587w\" sizes=\"auto, (max-width: 724px) 100vw, 724px\" \/><\/figure>\n","protected":false},"excerpt":{"rendered":"<p>Bautzen, 18.10.2023 Wir laden Sie zur JAHRESVERANSTALTUG des Kooperationsprogramms&nbsp; Interreg Polen &#8211; Sachsen 2021-2027&nbsp;herzlich ein! Im Jahr 2023 m\u00f6chten wir Sie am 18. Oktober in der sch\u00f6nen s\u00e4chsischen Stadt Bautzen begr\u00fc\u00dfen. Das Programm umfasst die&nbsp;Abschlusskonferenz der F\u00f6rderperiode 2014-2020 und die Partnerb\u00f6rse f\u00fcr potentielle Beg\u00fcnstigte des Kooperationsprogramms Polen &#8211; Sachsen 2021-2027. Im ersten Teil m\u00f6chten wir [&hellip;]<\/p>\n","protected":false},"author":18,"featured_media":0,"comment_status":"open","ping_status":"open","sticky":false,"template":"","format":"standard","meta":{"_acf_changed":false,"inline_featured_image":false,"_themeisle_gutenberg_block_has_review":false,"footnotes":"","_links_to":"","_links_to_target":""},"categories":[1555],"tags":[],"class_list":["post-28025","post","type-post","status-publish","format-standard","hentry","category-aktuelles"],"acf":[],"_links":{"self":[{"href":"https:\/\/plsn.eu\/de\/wp-json\/wp\/v2\/posts\/28025","targetHints":{"allow":["GET"]}}],"collection":[{"href":"https:\/\/plsn.eu\/de\/wp-json\/wp\/v2\/posts"}],"about":[{"href":"https:\/\/plsn.eu\/de\/wp-json\/wp\/v2\/types\/post"}],"author":[{"embeddable":true,"href":"https:\/\/plsn.eu\/de\/wp-json\/wp\/v2\/users\/18"}],"replies":[{"embeddable":true,"href":"https:\/\/plsn.eu\/de\/wp-json\/wp\/v2\/comments?post=28025"}],"version-history":[{"count":1,"href":"https:\/\/plsn.eu\/de\/wp-json\/wp\/v2\/posts\/28025\/revisions"}],"predecessor-version":[{"id":28026,"href":"https:\/\/plsn.eu\/de\/wp-json\/wp\/v2\/posts\/28025\/revisions\/28026"}],"wp:attachment":[{"href":"https:\/\/plsn.eu\/de\/wp-json\/wp\/v2\/media?parent=28025"}],"wp:term":[{"taxonomy":"category","embeddable":true,"href":"https:\/\/plsn.eu\/de\/wp-json\/wp\/v2\/categories?post=28025"},{"taxonomy":"post_tag","embeddable":true,"href":"https:\/\/plsn.eu\/de\/wp-json\/wp\/v2\/tags?post=28025"}],"curies":[{"name":"wp","href":"https:\/\/api.w.org\/{rel}","templated":true}]}}