{"id":28029,"date":"2023-09-08T09:00:00","date_gmt":"2023-09-08T07:00:00","guid":{"rendered":"https:\/\/plsn.eu\/konferencja-naukowa-transformacja-granic-w-obliczu-ostatnich-kryzysow\/"},"modified":"2024-10-18T00:14:09","modified_gmt":"2024-10-17T22:14:09","slug":"wissenschaftliche-konferenz-zu-polykrise-in-grenzgebieten","status":"publish","type":"post","link":"https:\/\/plsn.eu\/de\/wissenschaftliche-konferenz-zu-polykrise-in-grenzgebieten\/","title":{"rendered":"Wissenschaftliche Konferenz zu Polykrise in Grenzgebieten"},"content":{"rendered":"\n<p><strong>\u201cBorderlands facing a polycrisis in the 21st century. Resilience and future perspectives of cross-border relations\u201d<\/strong><\/p>\n\n\n\n<p>Die Wissenschaftler und Wissenschaftlerinnen&nbsp;aus&nbsp;der Universit\u00e4t&nbsp;Breslau und Oppeln in Zusammenarbeit mit der Universit\u00e4t des Saarlandes sowie&nbsp;Jean Monnet Network: \u201cBorders, Human-to-Military Security Database\u201d\/&nbsp;University of Victoria veranstalten von 10. bis 13. September eine internationale Konfrenz&nbsp;<strong>\u201cBorderlands facing a polycrisis in the 21st century. Resilience and future perspectives of cross-border relations\u201d.&nbsp;<\/strong><\/p>\n\n\n\n<p>Die Konferenz wird der &#8222;globalen Polykrise&#8220; gewidmet. Neue&nbsp;Prozesse,&nbsp;die die&nbsp;Grenzregionen besonders betreffen und durch die Migrationskrise, den&nbsp;Brexit, die Covid-19-Pandemie,&nbsp;den&nbsp;Krieg in der Ukraine verurascht wurden, stellen nicht nur f\u00fcr die betroffenen Institutionen eine Herausforderung dar, sondern auch f\u00fcr die Forschungskr\u00e4fte, die versuchen, die sich dynamisch ver\u00e4ndernde soziale Realit\u00e4t und die neuen \u00f6ffentlichen Diskurse zu erfassen. Welche kurz- und langfristigen Konsequenzen ergeben sich aus diesen Ver\u00e4nderungen? Wie kann man mit den multiplen Krisen umgehen? Wie sehen die Anpassungsstrategien von Einzelpersonen, Gemeinschaften und politischen Beh\u00f6rden aus? Inwieweit sind sie resilient gegen\u00fcber diesen st\u00f6renden Ereignissen? Diese und andere Fragen werden im Focus der internationalen Konferenz stehen.&nbsp;<\/p>\n\n\n\n<p>Die Veranstaltung wird von der Deutsch-Polnischen Wissenschaftsstiftung und im Rahmen des Kooperaitonsproramms Interreg Polen &#8211; Sachsen 2014-2020 aus&nbsp;den F\u00f6rdermitteln des&nbsp;Europ\u00e4ischen Fonds f\u00fcr Regionale Entwicklung gef\u00f6rdert.<\/p>\n\n\n\n<p>Weitere Informationen:&nbsp;<a href=\"http:\/\/politologia.uni.opole.pl\/conference-2023\/\" rel=\"nofollow noopener\" target=\"_blank\">http:\/\/politologia.uni.opole.pl\/conference-2023\/<\/a><\/p>\n\n\n\n<p><a href=\"Programm:\u00a0http:\/\/politologia.uni.opole.pl\/wp-content\/uploads\/2023\/09\/overall-program-2.pdf\">Programm:\u00a0http:\/\/politologia.uni.opole.pl\/wp-content\/uploads\/2023\/09\/overall-program-2.pdf<\/a><\/p>\n\n\n\n<div style=\"height:16px\" aria-hidden=\"true\" class=\"wp-block-spacer\"><\/div>\n\n\n\n<figure class=\"wp-block-image size-large\"><img loading=\"lazy\" decoding=\"async\" width=\"724\" height=\"1024\" src=\"https:\/\/plsn.eu\/wp-content\/uploads\/2024\/10\/Konferencja-socjologiczna-2023_plakat-724x1024.png\" alt=\"\" class=\"wp-image-27055\" srcset=\"https:\/\/plsn.eu\/wp-content\/uploads\/2024\/10\/Konferencja-socjologiczna-2023_plakat-724x1024.png 724w, https:\/\/plsn.eu\/wp-content\/uploads\/2024\/10\/Konferencja-socjologiczna-2023_plakat-212x300.png 212w, https:\/\/plsn.eu\/wp-content\/uploads\/2024\/10\/Konferencja-socjologiczna-2023_plakat-768x1086.png 768w, https:\/\/plsn.eu\/wp-content\/uploads\/2024\/10\/Konferencja-socjologiczna-2023_plakat-1086x1536.png 1086w, https:\/\/plsn.eu\/wp-content\/uploads\/2024\/10\/Konferencja-socjologiczna-2023_plakat-1448x2048.png 1448w, https:\/\/plsn.eu\/wp-content\/uploads\/2024\/10\/Konferencja-socjologiczna-2023_plakat.png 1587w\" sizes=\"auto, (max-width: 724px) 100vw, 724px\" \/><\/figure>\n","protected":false},"excerpt":{"rendered":"<p>\u201cBorderlands facing a polycrisis in the 21st century. Resilience and future perspectives of cross-border relations\u201d Die Wissenschaftler und Wissenschaftlerinnen&nbsp;aus&nbsp;der Universit\u00e4t&nbsp;Breslau und Oppeln in Zusammenarbeit mit der Universit\u00e4t des Saarlandes sowie&nbsp;Jean Monnet Network: \u201cBorders, Human-to-Military Security Database\u201d\/&nbsp;University of Victoria veranstalten von 10. bis 13. September eine internationale Konfrenz&nbsp;\u201cBorderlands facing a polycrisis in the 21st century. Resilience [&hellip;]<\/p>\n","protected":false},"author":18,"featured_media":0,"comment_status":"open","ping_status":"open","sticky":false,"template":"","format":"standard","meta":{"_acf_changed":false,"inline_featured_image":false,"_themeisle_gutenberg_block_has_review":false,"footnotes":"","_links_to":"","_links_to_target":""},"categories":[1555],"tags":[],"class_list":["post-28029","post","type-post","status-publish","format-standard","hentry","category-aktuelles"],"acf":[],"_links":{"self":[{"href":"https:\/\/plsn.eu\/de\/wp-json\/wp\/v2\/posts\/28029","targetHints":{"allow":["GET"]}}],"collection":[{"href":"https:\/\/plsn.eu\/de\/wp-json\/wp\/v2\/posts"}],"about":[{"href":"https:\/\/plsn.eu\/de\/wp-json\/wp\/v2\/types\/post"}],"author":[{"embeddable":true,"href":"https:\/\/plsn.eu\/de\/wp-json\/wp\/v2\/users\/18"}],"replies":[{"embeddable":true,"href":"https:\/\/plsn.eu\/de\/wp-json\/wp\/v2\/comments?post=28029"}],"version-history":[{"count":1,"href":"https:\/\/plsn.eu\/de\/wp-json\/wp\/v2\/posts\/28029\/revisions"}],"predecessor-version":[{"id":28031,"href":"https:\/\/plsn.eu\/de\/wp-json\/wp\/v2\/posts\/28029\/revisions\/28031"}],"wp:attachment":[{"href":"https:\/\/plsn.eu\/de\/wp-json\/wp\/v2\/media?parent=28029"}],"wp:term":[{"taxonomy":"category","embeddable":true,"href":"https:\/\/plsn.eu\/de\/wp-json\/wp\/v2\/categories?post=28029"},{"taxonomy":"post_tag","embeddable":true,"href":"https:\/\/plsn.eu\/de\/wp-json\/wp\/v2\/tags?post=28029"}],"curies":[{"name":"wp","href":"https:\/\/api.w.org\/{rel}","templated":true}]}}