{"id":28040,"date":"2023-03-24T12:37:00","date_gmt":"2023-03-24T11:37:00","guid":{"rendered":"https:\/\/plsn.eu\/festiwal-pestka-2023\/"},"modified":"2024-10-18T00:19:49","modified_gmt":"2024-10-17T22:19:49","slug":"pestka-festival-2023","status":"publish","type":"post","link":"https:\/\/plsn.eu\/de\/pestka-festival-2023\/","title":{"rendered":"PESTKA &#8211; Festival 2023"},"content":{"rendered":"\n<p><strong>ANK\u00dcNDIGUNG<\/strong><\/p>\n\n\n\n<p>Die&nbsp;Projektpartner von&nbsp;\u201eZusammen in die Zukunft!\u201d laden Sie herzlich zum&nbsp;<strong>XIV Festival des Theaters und der Avantgardekultur &#8211; Europ\u00e4ische Theatertreffen ein!&nbsp;<\/strong>Das Leitmotiv diesj\u00e4hriger&nbsp;Edition hei\u00dft:&nbsp;&#8222;<strong>AN DER QUELLE!&#8220;<\/strong><\/p>\n\n\n\n<p>Das Festival findet&nbsp;<strong>von&nbsp;28.04. bis 03.05.2023&nbsp;<\/strong>statt.&nbsp;<\/p>\n\n\n\n<p>Teilnahme an allen Veranstaltungen ist nur mit kostefreien Eintrittskarten m\u00f6glich, die ab dem<strong>&nbsp;29. M\u00e4rz&nbsp;<\/strong>in der Kasse des Kulturzentrums in Jelenia G\u00f3ra (Hirschberg, Polen) abgeholt werden k\u00f6nnen.&nbsp;Die Kasse ist von&nbsp;Dienstag bis Freitag ab 13.00 bis&nbsp;18.00 Uhr sowie 2 Stunden vor dem Beginn jeweiliger Veranstaltung er\u00f6ffnet. Wegen der gro\u00dfen Nachfrage ist die Anzahl der Eintrittskarten&nbsp;bis maximal zwei Karten f\u00fcr je eine Person&nbsp;beschr\u00e4nkt.<\/p>\n\n\n\n<p>Mehr \u00fcber das Festival finden sie aud der Internetseite oder auf dem Facebook-Profil:<br><strong><a href=\"https:\/\/www.festivalpestka.pl\/\" rel=\"nofollow noopener\" target=\"_blank\">https:\/\/www.festivalpestka.pl\/<\/a>&nbsp;<br><a href=\"https:\/\/www.facebook.com\/jckjeleniagora\/\" rel=\"nofollow noopener\" target=\"_blank\">https:\/\/www.facebook.com\/jckjeleniagora\/<\/a>&nbsp;&nbsp;&nbsp;&nbsp;&nbsp;&nbsp;<\/strong><\/p>\n\n\n\n<figure class=\"wp-block-image size-large\"><img loading=\"lazy\" decoding=\"async\" width=\"712\" height=\"1024\" src=\"https:\/\/plsn.eu\/wp-content\/uploads\/2024\/10\/Pestka-2023-plakat-program-2-712x1024.jpg\" alt=\"\" class=\"wp-image-27330\" srcset=\"https:\/\/plsn.eu\/wp-content\/uploads\/2024\/10\/Pestka-2023-plakat-program-2-712x1024.jpg 712w, https:\/\/plsn.eu\/wp-content\/uploads\/2024\/10\/Pestka-2023-plakat-program-2-208x300.jpg 208w, https:\/\/plsn.eu\/wp-content\/uploads\/2024\/10\/Pestka-2023-plakat-program-2-768x1105.jpg 768w, https:\/\/plsn.eu\/wp-content\/uploads\/2024\/10\/Pestka-2023-plakat-program-2-1067x1536.jpg 1067w, https:\/\/plsn.eu\/wp-content\/uploads\/2024\/10\/Pestka-2023-plakat-program-2.jpg 1423w\" sizes=\"auto, (max-width: 712px) 100vw, 712px\" \/><\/figure>\n\n\n\n<p>Das Projekt \u201eZusammen in die Zukunft\u201d wird durch die Europ\u00e4ische Union aus den Mitteln&nbsp;des Europ\u00e4ischen Fonds f\u00fcr regionale Entwicklung im Rahmen&nbsp;des Operationellen Programms der grenz\u00fcbergreifenden Zusammenarbeit Polen-Sachsen 2014\u20132020 gef\u00f6rdert.<\/p>\n","protected":false},"excerpt":{"rendered":"<p>ANK\u00dcNDIGUNG Die&nbsp;Projektpartner von&nbsp;\u201eZusammen in die Zukunft!\u201d laden Sie herzlich zum&nbsp;XIV Festival des Theaters und der Avantgardekultur &#8211; Europ\u00e4ische Theatertreffen ein!&nbsp;Das Leitmotiv diesj\u00e4hriger&nbsp;Edition hei\u00dft:&nbsp;&#8222;AN DER QUELLE!&#8220; Das Festival findet&nbsp;von&nbsp;28.04. bis 03.05.2023&nbsp;statt.&nbsp; Teilnahme an allen Veranstaltungen ist nur mit kostefreien Eintrittskarten m\u00f6glich, die ab dem&nbsp;29. M\u00e4rz&nbsp;in der Kasse des Kulturzentrums in Jelenia G\u00f3ra (Hirschberg, Polen) abgeholt werden [&hellip;]<\/p>\n","protected":false},"author":20,"featured_media":0,"comment_status":"open","ping_status":"open","sticky":false,"template":"","format":"standard","meta":{"_acf_changed":false,"inline_featured_image":false,"_themeisle_gutenberg_block_has_review":false,"footnotes":"","_links_to":"","_links_to_target":""},"categories":[1555],"tags":[],"class_list":["post-28040","post","type-post","status-publish","format-standard","hentry","category-aktuelles"],"acf":[],"_links":{"self":[{"href":"https:\/\/plsn.eu\/de\/wp-json\/wp\/v2\/posts\/28040","targetHints":{"allow":["GET"]}}],"collection":[{"href":"https:\/\/plsn.eu\/de\/wp-json\/wp\/v2\/posts"}],"about":[{"href":"https:\/\/plsn.eu\/de\/wp-json\/wp\/v2\/types\/post"}],"author":[{"embeddable":true,"href":"https:\/\/plsn.eu\/de\/wp-json\/wp\/v2\/users\/20"}],"replies":[{"embeddable":true,"href":"https:\/\/plsn.eu\/de\/wp-json\/wp\/v2\/comments?post=28040"}],"version-history":[{"count":1,"href":"https:\/\/plsn.eu\/de\/wp-json\/wp\/v2\/posts\/28040\/revisions"}],"predecessor-version":[{"id":28041,"href":"https:\/\/plsn.eu\/de\/wp-json\/wp\/v2\/posts\/28040\/revisions\/28041"}],"wp:attachment":[{"href":"https:\/\/plsn.eu\/de\/wp-json\/wp\/v2\/media?parent=28040"}],"wp:term":[{"taxonomy":"category","embeddable":true,"href":"https:\/\/plsn.eu\/de\/wp-json\/wp\/v2\/categories?post=28040"},{"taxonomy":"post_tag","embeddable":true,"href":"https:\/\/plsn.eu\/de\/wp-json\/wp\/v2\/tags?post=28040"}],"curies":[{"name":"wp","href":"https:\/\/api.w.org\/{rel}","templated":true}]}}