{"id":28045,"date":"2023-03-20T12:41:00","date_gmt":"2023-03-20T11:41:00","guid":{"rendered":"https:\/\/plsn.eu\/dni-otwarte-funduszy-europejskich-2023\/"},"modified":"2024-10-18T00:21:32","modified_gmt":"2024-10-17T22:21:32","slug":"offene-tage-der-europaischen-fonds-2023","status":"publish","type":"post","link":"https:\/\/plsn.eu\/de\/offene-tage-der-europaischen-fonds-2023\/","title":{"rendered":"OFFENE TAGE DER EUROP\u00c4ISCHEN FONDS 2023"},"content":{"rendered":"\n<p><strong>Wir warten auf Ihre Projekte und aktive Teilnahme \ud83d\ude42<\/strong><\/p>\n\n\n\n<p><strong>ANMELDEFRIST F\u00dcR VERANSTALTUNGEN aus Anlass der OFFENEN TAGEN DER EUROP\u00c4ISCHEN FONDS bis zum 14. APRIL VERL\u00c4NGERT!<\/strong><\/p>\n\n\n\n<p>Alle Projektpartner des Kooperationsprogramms Interreg Polen &#8211; Sachsen und alle diejenigen, die etwas mehr \u00fcber die EU-F\u00f6rderm\u00f6glichkeiten erfahren m\u00f6chten und ganz zuf\u00e4llig im Mai in Polen sind, laden wir zur Jubil\u00e4umsfeier der Offenen Tagen der Europ\u00e4ischen Fonds (Dni Otwarte Funduszy Europejskich) ein!<\/p>\n\n\n\n<p>Die Feierlichkeiten&nbsp;finden&nbsp;von 12. bis 14. Mai 2023 in ganz Polen statt.&nbsp;<\/p>\n\n\n\n<p><strong>Anmeldefrist l\u00e4uft am 14. APRIL 2023 ab.&nbsp;<\/strong><\/p>\n\n\n\n<p>Der Veranstalter ist das Ministerium f\u00fcr Europ\u00e4ische Fonds und Regionalpolitik der Republik Polen. Die Hauptveranstaltung fidet in Warschauer K\u00f6nigsg\u00e4rten und Kubicki-Arkaden, wo ein EU-F\u00f6rdermittel-St\u00e4dtchen eingerichtet wird. Zu diesem Anlass wird aber in ganz Polen gefeiert! Konzerte, Picknicks, Wettbewerbe und Infost\u00e4nde mit EU-Projekten und viel mehr wird auf die Teilnehmer warten.<\/p>\n\n\n\n<p>Stell dein Projekt vor!&nbsp;<\/p>\n\n\n\n<p>Komm, mach mit!&nbsp;<\/p>\n\n\n\n<p>F\u00fcr eine aktivere Teilnahme, als Aussteller, sind Polnisch-Kenntnisse unentbehrlich. Alle Anmeldeunterlagen sind nur auf Polnisch verf\u00fcgbar. Sie sind aber trotzdem eingeladen, bis Mai haben Sie ja genug Zeit, um Ihre Polnischkenntnisse aufzufrischen \ud83d\ude42<\/p>\n\n\n\n<p><strong>Mehr zur Veranstaltung:&nbsp;<a href=\"https:\/\/dniotwarte.eu\/?fbclid=IwAR2Wx8jzXAKfdXNLi6p17TxPQ_BTANWze-UkCGZDZI2TUUCcJtRzFJuaK3g\" rel=\"noreferrer noopener nofollow\" target=\"_blank\">https:\/\/dniotwarte.eu\/<\/a><\/strong><\/p>\n","protected":false},"excerpt":{"rendered":"<p>Wir warten auf Ihre Projekte und aktive Teilnahme \ud83d\ude42 ANMELDEFRIST F\u00dcR VERANSTALTUNGEN aus Anlass der OFFENEN TAGEN DER EUROP\u00c4ISCHEN FONDS bis zum 14. APRIL VERL\u00c4NGERT! Alle Projektpartner des Kooperationsprogramms Interreg Polen &#8211; Sachsen und alle diejenigen, die etwas mehr \u00fcber die EU-F\u00f6rderm\u00f6glichkeiten erfahren m\u00f6chten und ganz zuf\u00e4llig im Mai in Polen sind, laden wir zur [&hellip;]<\/p>\n","protected":false},"author":20,"featured_media":0,"comment_status":"open","ping_status":"open","sticky":false,"template":"","format":"standard","meta":{"_acf_changed":false,"inline_featured_image":false,"_themeisle_gutenberg_block_has_review":false,"footnotes":"","_links_to":"","_links_to_target":""},"categories":[1555],"tags":[],"class_list":["post-28045","post","type-post","status-publish","format-standard","hentry","category-aktuelles"],"acf":[],"_links":{"self":[{"href":"https:\/\/plsn.eu\/de\/wp-json\/wp\/v2\/posts\/28045","targetHints":{"allow":["GET"]}}],"collection":[{"href":"https:\/\/plsn.eu\/de\/wp-json\/wp\/v2\/posts"}],"about":[{"href":"https:\/\/plsn.eu\/de\/wp-json\/wp\/v2\/types\/post"}],"author":[{"embeddable":true,"href":"https:\/\/plsn.eu\/de\/wp-json\/wp\/v2\/users\/20"}],"replies":[{"embeddable":true,"href":"https:\/\/plsn.eu\/de\/wp-json\/wp\/v2\/comments?post=28045"}],"version-history":[{"count":1,"href":"https:\/\/plsn.eu\/de\/wp-json\/wp\/v2\/posts\/28045\/revisions"}],"predecessor-version":[{"id":28046,"href":"https:\/\/plsn.eu\/de\/wp-json\/wp\/v2\/posts\/28045\/revisions\/28046"}],"wp:attachment":[{"href":"https:\/\/plsn.eu\/de\/wp-json\/wp\/v2\/media?parent=28045"}],"wp:term":[{"taxonomy":"category","embeddable":true,"href":"https:\/\/plsn.eu\/de\/wp-json\/wp\/v2\/categories?post=28045"},{"taxonomy":"post_tag","embeddable":true,"href":"https:\/\/plsn.eu\/de\/wp-json\/wp\/v2\/tags?post=28045"}],"curies":[{"name":"wp","href":"https:\/\/api.w.org\/{rel}","templated":true}]}}