{"id":28093,"date":"2022-11-18T21:53:00","date_gmt":"2022-11-18T20:53:00","guid":{"rendered":"https:\/\/plsn.eu\/zakonczenie-projektu-wikt\/"},"modified":"2024-10-18T00:50:39","modified_gmt":"2024-10-17T22:50:39","slug":"abschlusskonferenz-des-projektes-wikt","status":"publish","type":"post","link":"https:\/\/plsn.eu\/de\/abschlusskonferenz-des-projektes-wikt\/","title":{"rendered":"Abschlusskonferenz des Projektes \u201eWIKT\u201c"},"content":{"rendered":"\n<p><strong>01.12.2022 Schelsisches Museum zu G\u00f6rlitz<span style=\"color: rgb(51, 51, 51); font-family: Ubuntu, &quot;Helvetica Neue&quot;, Helvetica, Arial, sans-serif; font-size: 14px; white-space-collapse: collapse;\"><\/span><div style=\"color: rgb(51, 51, 51); font-family: Ubuntu, &quot;Helvetica Neue&quot;, Helvetica, Arial, sans-serif; font-size: 14px; white-space-collapse: collapse;\"><\/div><\/strong><div><b style=\"color: rgb(51, 51, 51); font-family: Ubuntu, &quot;Helvetica Neue&quot;, Helvetica, Arial, sans-serif; font-size: 14px; white-space-collapse: collapse;\"><\/b><\/div><\/p>\n\n\n\n<div style=\"height:22px\" aria-hidden=\"true\" class=\"wp-block-spacer\"><\/div>\n\n\n\n<p>Am 1. Dezember 2022 findet im Schlesischen Museum zu G\u00f6rlitz die Abschlusskonferenz des Projektes \u201eWIKT &#8211; Unterst\u00fctzung von Klimaschutzma\u00dfnahmen in der Grenzregion\u201c statt.<\/p>\n\n\n\n<p>Die Projektpartner werden sich zum letzten Mal mit den Einwohnern des F\u00f6rdergebiets des Kooperationsprogramms Interreg Polen \u2013 Sachsen zusammentreffen. Bei der Konferenz werden die durchgef\u00fchrten Ma\u00dfnahmen, die praktischen Aspekte der Anpassung an den Klimawandel und deren Auswirkungen auf die Lebensqualit\u00e4t der Einwohner in der Grenzregion sowie viele interessante Pr\u00e4sentationen vorgestellt.<\/p>\n\n\n\n<p>Um den fr\u00fcheren Anregungen nachzukommen, werden erneut Fragen der B\u00e4ume in der Stadt, der Artenwahl und der richtigen Pflege er\u00f6rtert. Dar\u00fcber hinaus werden die Projektpartner auch die umgesetzten Vorhaben in den Bereichen: blaue und gr\u00fcne Infrastruktur, \u00dcberwachung des Klimas, Erkundung des R\u00fcckhaltepotenzials und der Biodiversit\u00e4t sowie verschiedene Bildungsma\u00dfnahmen vorstellen.&nbsp;Die Konferenz wird mit einem Film \u00fcber lokale Klimaschutzma\u00dfnahmen abgeschlossen.<\/p>\n\n\n\n<p>Das Projekt wurde aus Mitteln&nbsp;des Europ\u00e4ischen&nbsp;Fonds f\u00fcr Regionalentwicklung im Rahmen des Kooperationsprogramms Interreg Polen &#8211;&nbsp;Sachsen 2014-2020&nbsp;gef\u00f6rdert.&nbsp;<\/p>\n\n\n\n<figure class=\"wp-block-image size-full\"><img loading=\"lazy\" decoding=\"async\" width=\"640\" height=\"906\" src=\"https:\/\/plsn.eu\/wp-content\/uploads\/2022\/11\/WIKT_Abschlusskonferenz_01.12.2022_program_grafika.bmp\" alt=\"\" class=\"wp-image-28094\" srcset=\"https:\/\/plsn.eu\/wp-content\/uploads\/2022\/11\/WIKT_Abschlusskonferenz_01.12.2022_program_grafika.bmp 640w, https:\/\/plsn.eu\/wp-content\/uploads\/2022\/11\/WIKT_Abschlusskonferenz_01.12.2022_program_grafika-212x300.jpg 212w\" sizes=\"auto, (max-width: 640px) 100vw, 640px\" \/><\/figure>\n\n\n\r\n<div class=\"\">\r\n  <!-- Documents -->\r\n\r\n      <ul class=\"row list-unstyled\">\r\n    \r\n    <li class=\"document-list\">\r\n      <div class=\"col-lg-12 col-12\">\r\n        <div class=\"document-list__element document-list__element--border row align-items-start\">\r\n          <div class=\"col-1\">\r\n            <input class=\"downloadFiles_7869 document-list__element--check-input form-check-input\"\r\n              data-file=\"https:\/\/plsn.eu\/wp-content\/uploads\/2022\/11\/WIKT_Abschlusskonferenz_01.12.2022_Program-PL-DE.pdf\" type=\"checkbox\"\r\n              id=\"dlcstatus78690tlt7869\"\r\n              aria-label=\"Zaznacz do pobrania WIKT_Abschlusskonferenz_01.12.2022_Program PL DE.pdf\"\r\n              onclick=\"disableToggleAll('status7869');\">\r\n          <\/div>\r\n          <div class=\"col-11\">\r\n            <div class=\"row\">\r\n              <div class=\"col-8\">\r\n                <a href=\"https:\/\/plsn.eu\/wp-content\/uploads\/2022\/11\/WIKT_Abschlusskonferenz_01.12.2022_Program-PL-DE.pdf\" target=\"_blank\" >\r\n                  <span class=\"visually-hidden\">Vorschau<\/span>\r\n                  <h3 class=\"col-12 document-list__element--title\">WIKT_Abschlusskonferenz_01.12.2022_Program PL DE.pdf                  <\/h3>\r\n                <\/a>\r\n              <\/div>\r\n              <div class=\"col-4 d-flex align-items-start justify-content-end download-btn-col\">\r\n                <a href=\"https:\/\/plsn.eu\/wp-content\/uploads\/2022\/11\/WIKT_Abschlusskonferenz_01.12.2022_Program-PL-DE.pdf\"  target=\"_blank\" class=\"download-wrapper\" download>\r\n                  <span class=\"d-block download-wrapper--icon \">\r\n                    <svg width=\"19\" height=\"23\" viewBox=\"0 0 19 23\" fill=\"none\" xmlns=\"http:\/\/www.w3.org\/2000\/svg\">\r\n                      <path fill-rule=\"evenodd\" clip-rule=\"evenodd\"\r\n                        d=\"M2.37498 15.8125C2.81221 15.8125 3.16665 16.1343 3.16665 16.5312V19.4062C3.16665 19.5969 3.25005 19.7797 3.39852 19.9145C3.54699 20.0493 3.74835 20.125 3.95831 20.125H15.0416C15.2516 20.125 15.453 20.0493 15.6014 19.9145C15.7499 19.7797 15.8333 19.5969 15.8333 19.4062V16.5312C15.8333 16.1343 16.1878 15.8125 16.625 15.8125C17.0622 15.8125 17.4166 16.1343 17.4166 16.5312V19.4062C17.4166 19.9781 17.1664 20.5266 16.721 20.9309C16.2756 21.3353 15.6715 21.5625 15.0416 21.5625H3.95831C3.32842 21.5625 2.72433 21.3353 2.27893 20.9309C1.83354 20.5266 1.58331 19.9781 1.58331 19.4062V16.5312C1.58331 16.1343 1.93775 15.8125 2.37498 15.8125Z\"\r\n                        fill=\"#FF5F20\"><\/path>\r\n                      <path fill-rule=\"evenodd\" clip-rule=\"evenodd\"\r\n                        d=\"M4.98187 12.4293C5.29104 12.1486 5.79229 12.1486 6.10146 12.4293L9.5 15.5148L12.8985 12.4293C13.2077 12.1486 13.709 12.1486 14.0181 12.4293C14.3273 12.71 14.3273 13.165 14.0181 13.4457L10.0598 17.0395C9.75063 17.3202 9.24937 17.3202 8.94021 17.0395L4.98187 13.4457C4.67271 13.165 4.67271 12.71 4.98187 12.4293Z\"\r\n                        fill=\"#FF5F20\"><\/path>\r\n                      <path fill-rule=\"evenodd\" clip-rule=\"evenodd\"\r\n                        d=\"M9.49998 1.4375C9.9372 1.4375 10.2916 1.7593 10.2916 2.15625V9.34375C10.2916 9.7407 9.9372 10.0625 9.49998 10.0625C9.06275 10.0625 8.70831 9.7407 8.70831 9.34375V2.15625C8.70831 1.7593 9.06275 1.4375 9.49998 1.4375Z\"\r\n                        fill=\"#FF5F20\"><\/path>\r\n                    <\/svg>\r\n                  <\/span>\r\n                  <span class=\"visually-hidden\">Pobierz do pliku                    WIKT_Abschlusskonferenz_01.12.2022_Program PL DE.pdf<\/span>\r\n                  <span\r\n                    class=\"download_txt_scr download-wrapper--text text-medium-2 text-uppercase download-wrapper--text--dark-blue  d-none d-sm-block d-sm-none d-md-block \">\r\n                    Herunterladen                  <\/span>\r\n                <\/a>\r\n              <\/div>\r\n            <\/div>\r\n\r\n            <div class=\"row\">\r\n              <div class=\"col-10\">\r\n                <div class=\"row\">\r\n\r\n                  <div\r\n                    class=\"col-12 document-list__element__desc document-list__element__desc__shorter document-list__element__desc--date document-list__element__desc--d-none\">\r\n                    <span>pdf<\/span>\r\n                                        <span>282.01 KB<\/span>\r\n                    \r\n\r\n\r\n                  <\/div>\r\n\r\n                  <div\r\n                    class=\"row document-list__element__desc document-list__element__desc--date document-list__element__desc--m-none\">\r\n                    <div class=\"col-12\">\r\n                      <span>pdf<\/span>\r\n                      <svg width=\"2\" height=\"2\" viewBox=\"0 0 2 2\" fill=\"none\" xmlns=\"http:\/\/www.w3.org\/2000\/svg\"\r\n                        class=\"document-list__element__desc--dot-separator\">\r\n                        <circle cx=\"1\" cy=\"1\" r=\"1\" fill=\"#4F4F4F\"><\/circle>\r\n                      <\/svg>\r\n\r\n                      \r\n                      <span>282.01 KB<\/span>                    <\/div>\r\n                    <div class=\"col-12 mt-5px\">\r\n\r\n                      \r\n                    <\/div>\r\n                  <\/div>\r\n\r\n\r\n                <\/div>\r\n                                <div class=\"row\">\r\n                  <div class=\"col-12 document-list__element__desc document-list__element__desc__additional align-items-center\">\r\n\r\n\r\n                    \r\n                    \r\n                    \r\n                                      <\/div>\r\n\r\n                <\/div>\r\n\r\n              <\/div>\r\n\r\n              \r\n            <\/div>\r\n          <\/div>\r\n        <\/div>\r\n      <\/div>\r\n    <\/li>\r\n          <\/ul>\r\n\r\n  \r\n\r\n  <!-- \/Documents -->\r\n<\/div>\r\n","protected":false},"excerpt":{"rendered":"<p>01.12.2022 Schelsisches Museum zu G\u00f6rlitz Am 1. Dezember 2022 findet im Schlesischen Museum zu G\u00f6rlitz die Abschlusskonferenz des Projektes \u201eWIKT &#8211; Unterst\u00fctzung von Klimaschutzma\u00dfnahmen in der Grenzregion\u201c statt. Die Projektpartner werden sich zum letzten Mal mit den Einwohnern des F\u00f6rdergebiets des Kooperationsprogramms Interreg Polen \u2013 Sachsen zusammentreffen. Bei der Konferenz werden die durchgef\u00fchrten Ma\u00dfnahmen, die [&hellip;]<\/p>\n","protected":false},"author":20,"featured_media":0,"comment_status":"open","ping_status":"open","sticky":false,"template":"","format":"standard","meta":{"_acf_changed":false,"inline_featured_image":false,"_themeisle_gutenberg_block_has_review":false,"footnotes":"","_links_to":"","_links_to_target":""},"categories":[1555],"tags":[],"class_list":["post-28093","post","type-post","status-publish","format-standard","hentry","category-aktuelles"],"acf":[],"_links":{"self":[{"href":"https:\/\/plsn.eu\/de\/wp-json\/wp\/v2\/posts\/28093","targetHints":{"allow":["GET"]}}],"collection":[{"href":"https:\/\/plsn.eu\/de\/wp-json\/wp\/v2\/posts"}],"about":[{"href":"https:\/\/plsn.eu\/de\/wp-json\/wp\/v2\/types\/post"}],"author":[{"embeddable":true,"href":"https:\/\/plsn.eu\/de\/wp-json\/wp\/v2\/users\/20"}],"replies":[{"embeddable":true,"href":"https:\/\/plsn.eu\/de\/wp-json\/wp\/v2\/comments?post=28093"}],"version-history":[{"count":2,"href":"https:\/\/plsn.eu\/de\/wp-json\/wp\/v2\/posts\/28093\/revisions"}],"predecessor-version":[{"id":28099,"href":"https:\/\/plsn.eu\/de\/wp-json\/wp\/v2\/posts\/28093\/revisions\/28099"}],"wp:attachment":[{"href":"https:\/\/plsn.eu\/de\/wp-json\/wp\/v2\/media?parent=28093"}],"wp:term":[{"taxonomy":"category","embeddable":true,"href":"https:\/\/plsn.eu\/de\/wp-json\/wp\/v2\/categories?post=28093"},{"taxonomy":"post_tag","embeddable":true,"href":"https:\/\/plsn.eu\/de\/wp-json\/wp\/v2\/tags?post=28093"}],"curies":[{"name":"wp","href":"https:\/\/api.w.org\/{rel}","templated":true}]}}