{"id":28098,"date":"2022-11-08T21:55:00","date_gmt":"2022-11-08T20:55:00","guid":{"rendered":"https:\/\/plsn.eu\/konferencja-podsumowujaca-projekt-dla-pszczol\/"},"modified":"2024-10-18T00:51:34","modified_gmt":"2024-10-17T22:51:34","slug":"pro-bienen-abschlusskonferenz","status":"publish","type":"post","link":"https:\/\/plsn.eu\/de\/pro-bienen-abschlusskonferenz\/","title":{"rendered":"&#8222;Pro Bienen&#8220; &#8211; Abschlusskonferenz"},"content":{"rendered":"\n<p><strong>17. November 2022 ONLINE<span style=\"color: rgb(51, 51, 51); font-family: Ubuntu, &quot;Helvetica Neue&quot;, Helvetica, Arial, sans-serif; font-size: 14px; white-space-collapse: collapse;\"><\/span><div style=\"color: rgb(51, 51, 51); font-family: Ubuntu, &quot;Helvetica Neue&quot;, Helvetica, Arial, sans-serif; font-size: 14px; white-space-collapse: collapse;\"><\/div><\/strong><div><b style=\"color: rgb(51, 51, 51); font-family: Ubuntu, &quot;Helvetica Neue&quot;, Helvetica, Arial, sans-serif; font-size: 14px; white-space-collapse: collapse;\"><\/b><\/div><\/p>\n\n\n\n<div style=\"height:12px\" aria-hidden=\"true\" class=\"wp-block-spacer\"><\/div>\n\n\n\n<p>Seit 2019 arbeiten vier Organisationen&nbsp;aus Deutschland und Polen \u00fcber Grenzen hinweg f\u00fcr Wildbest\u00e4uber zusammen. Diese&nbsp;Partnerschaft brachte viele&nbsp;interessanten Schlussfolgerungen, guten Beispiele&nbsp;sowie neue&nbsp;Perspektiven, die in einem offenen Online-Treffen er\u00f6rtert werden.<\/p>\n\n\n\n<p>Im Namen von Fundacja Ekorozwoju, Fundacja Ekologiczna Zielona Akcja, dem Internationalen Begegnungszentrum St. Marienthal und dem Lebens(t)r\u00e4ume e.V. laden&nbsp;wir Sie&nbsp;herzlich&nbsp;<strong>zu einer offenen Online-Treffen am 17. November (Donnerstag) um 10:00 Uhr<\/strong>&nbsp;ein. Neben den Projektpartnern&nbsp;werden auch polnische und deutsche Forscher und Experten im Bereich des&nbsp;Schutzes von Wildbest\u00e4ubern,&nbsp;Bienenzucht,&nbsp;Umwelterziehung und&nbsp;Naturbeobachtung auf der Veranstaltung zu Wort kommen.<\/p>\n\n\n\n<p>Die Anmeldung folgt durch das Formular:&nbsp;<a href=\"https:\/\/l.facebook.com\/l.php?u=https%3A%2F%2Fbit.ly%2FDlaPszczol%3Ffbclid%3DIwAR0bsoi_gZgInMMN6skVQC0CLgajg6Wqr_FAmHKzzpTg2DN18kDBsVaUpp8&amp;h=AT1ZQT6OzZUkNf965WMbjIv2yCDjs3mNw6hV9_GDW-Ultha7C3bsC5TMa7C4WtYSbSwCGo2a7hC19kQsH-YelmVyjZKwoHcNn8uzE1u5H_kOZPAeQrNUaG6B9tszaN_U5uBc&amp;__tn__=-UK-R&amp;c%5b0%5d=AT0a_ZtD8nnKsLzBtJNah1V4aJWcTn37J0PWQ7VsdvM83pDVm11yS3q8QJUhNQFYFUOl_5UOHGUSENQk2jLonXujFDV9ozMNCblkpGCxGKM53n0vv0NfgoWy7PG-hS-ikm2bJ5Cfof7sDTOqyNDbQ9vQLQO4vKx2ALH-JnrWVBHHI-PDiw\" target=\"_blank\" rel=\"noreferrer noopener nofollow\">https:\/\/bit.ly\/DlaPszczol<\/a><\/p>\n\n\n\n<p><br>Programm des Treffens:<\/p>\n\n\n\n<ul class=\"wp-block-list\">\n<li>09:50 | Anmeldung<\/li>\n\n\n\n<li>10:00 | Er\u00f6ffnung und Begr\u00fc\u00dfung<\/li>\n\n\n\n<li>10:10 |\u00a0Nutzung des \u00f6kologischen Potenzials von Brach- und Gr\u00fcnfl\u00e4chen sowie von Wegr\u00e4ndern, auch f\u00fcr Insekten\u00a0\u2013 Dipl. Geographer Hermann B\u00f6sche, Bamberg<\/li>\n\n\n\n<li>10.30 |\u00a0Umgang mit verpachteten (kommunalen) landwirtschaftlichen Fl\u00e4chen\/ Vergabe und Ausarbeitung von Pachtvertr\u00e4gen\u00a0\u2013 Umweltwissenschaftler Ralf Demmerle; NABU-Stiftung Nationales Naturerbe, Berlin<\/li>\n\n\n\n<li>10:50 |\u00a0Kaffeepause<\/li>\n\n\n\n<li>11.00\u00a0 |\u00a0Grenz\u00fcberschreitende Zusammenarbeit zum Schutz von Best\u00e4ubern. Das deutsch-polnische Projekt \u201cF\u00fcr Bienen\u201d\u00a0\u2013 Schlussfolgerungen und neue Perspektiven<\/li>\n\n\n\n<li>11:10 |\u00a0Wie man NICHTS klug einsetzt, d.h. best\u00e4uberfreundliche Gr\u00fcnfl\u00e4chenplanung in unseren Gemeinden. Gute Praxisbeispiele der Zusammenarbeit zwischen lokalen Beh\u00f6rden und Wissenschaftlern, Dr. Ing. Aneta Sikora, der Nationalpark Riesengebirge, Verein Natur und Mensch<\/li>\n\n\n\n<li>11:30 |\u00a0Verantwortungsvolle st\u00e4dtische Bienenzucht, Dr. Pawe\u0142 Migda\u0142, Naturwissenschaftliche Universit\u00e4t Wroc\u0142aw, Institut f\u00fcr Bienenzucht<\/li>\n\n\n\n<li>11:50 | Schlussfolgerungen \/ Zusammenfassung<\/li>\n<\/ul>\n\n\n\n<p><br>Mehr zur Veranstaltung:&nbsp;<a href=\"https:\/\/l.facebook.com\/l.php?u=http%3A%2F%2Fdlapszczol.org%2Fde%2Fbestauber-uber-grenzen-online-treffen%2F%3Ffbclid%3DIwAR2zO2tCuwzMuAR9cXuIN29xWT6Ya9GTn5NQZtGi955khc43EWrlEXUr798&amp;h=AT1b7Nlqw_xYLx0Jo7fPjGnijqKCmyglHXqT8oAQFd75arieBLW3YgqkmEykNWm6pJ8iVVh5_s4gTvTexSSKjDnWM-TCrGyTIXTHfVRN9fu7WrmJScui4qmNnsHYdEaegUof&amp;__tn__=-UK-R&amp;c%5b0%5d=AT0a_ZtD8nnKsLzBtJNah1V4aJWcTn37J0PWQ7VsdvM83pDVm11yS3q8QJUhNQFYFUOl_5UOHGUSENQk2jLonXujFDV9ozMNCblkpGCxGKM53n0vv0NfgoWy7PG-hS-ikm2bJ5Cfof7sDTOqyNDbQ9vQLQO4vKx2ALH-JnrWVBHHI-PDiw\" target=\"_blank\" rel=\"noreferrer noopener nofollow\">http:\/\/dlapszczol.org\/&#8230;\/bestauber-uber-grenzen-online&#8230;\/<\/a><\/p>\n\n\n\n<p>Das Treffen&nbsp;wird im Rahmen des Projekts &#8222;Pro Bienen &#8211; grenz\u00fcberschreitende Zusammenarbeit zur Erhaltung der Lebensr\u00e4ume von Bienen und wild best\u00e4ubenden Insekten&#8220; durchgef\u00fchrt, das vom Kooperationsprogramm Interreg Polen &#8211; Sachsen 2014-2020&nbsp;und dem Woiwodschaftsfond f\u00fcr Umweltschutz und Wasserwirtschaft in Wroc\u0142aw gef\u00f6rdert wird.<\/p>\n\n\n\n<p><a href=\"https:\/\/www.facebook.com\/st.marienthalibz?__cft__%5b0%5d=AZVR2utUX5NH9BCQpY82GMTucD361U-na-LO4_ICKY09QvFCCNrbc9qLBLeuP0wgJdIKV-r-_c6O9KimlPAZZRXHA_UZcKIXKErmXMtL0Lbk0C2IN-UwLQvKcf-7mvZuff_8FUsyfoU75009h_G-7SvD&amp;__tn__=-%5dK-R\" rel=\"nofollow noopener\" target=\"_blank\">IBZ-Internationales Begegnungszentrum St. Marienthal<\/a>&nbsp;<a href=\"https:\/\/www.facebook.com\/zielonaakcja?__cft__%5b0%5d=AZVR2utUX5NH9BCQpY82GMTucD361U-na-LO4_ICKY09QvFCCNrbc9qLBLeuP0wgJdIKV-r-_c6O9KimlPAZZRXHA_UZcKIXKErmXMtL0Lbk0C2IN-UwLQvKcf-7mvZuff_8FUsyfoU75009h_G-7SvD&amp;__tn__=-%5dK-R\" rel=\"nofollow noopener\" target=\"_blank\">Fundacja Ekologiczna Zielona Akcja<\/a>&nbsp;<a href=\"https:\/\/www.facebook.com\/FundacjaZielonaAkcja?__cft__%5b0%5d=AZVR2utUX5NH9BCQpY82GMTucD361U-na-LO4_ICKY09QvFCCNrbc9qLBLeuP0wgJdIKV-r-_c6O9KimlPAZZRXHA_UZcKIXKErmXMtL0Lbk0C2IN-UwLQvKcf-7mvZuff_8FUsyfoU75009h_G-7SvD&amp;__tn__=-%5dK-R\" rel=\"nofollow noopener\" target=\"_blank\">Pszczo\u0142y prosz\u0105 o pomoc<\/a>&nbsp;<a href=\"https:\/\/www.facebook.com\/miejskiepszczoly?__cft__%5b0%5d=AZVR2utUX5NH9BCQpY82GMTucD361U-na-LO4_ICKY09QvFCCNrbc9qLBLeuP0wgJdIKV-r-_c6O9KimlPAZZRXHA_UZcKIXKErmXMtL0Lbk0C2IN-UwLQvKcf-7mvZuff_8FUsyfoU75009h_G-7SvD&amp;__tn__=-%5dK-R\" rel=\"nofollow noopener\" target=\"_blank\">Miejskie pszczo\u0142y<\/a>&nbsp;<a href=\"https:\/\/www.facebook.com\/SKNApis?__cft__%5b0%5d=AZVR2utUX5NH9BCQpY82GMTucD361U-na-LO4_ICKY09QvFCCNrbc9qLBLeuP0wgJdIKV-r-_c6O9KimlPAZZRXHA_UZcKIXKErmXMtL0Lbk0C2IN-UwLQvKcf-7mvZuff_8FUsyfoU75009h_G-7SvD&amp;__tn__=-%5dK-R\" rel=\"nofollow noopener\" target=\"_blank\">SKN Apis<\/a>&nbsp;<a href=\"https:\/\/www.facebook.com\/profile.php?id=100057832150843&amp;__cft__%5b0%5d=AZVR2utUX5NH9BCQpY82GMTucD361U-na-LO4_ICKY09QvFCCNrbc9qLBLeuP0wgJdIKV-r-_c6O9KimlPAZZRXHA_UZcKIXKErmXMtL0Lbk0C2IN-UwLQvKcf-7mvZuff_8FUsyfoU75009h_G-7SvD&amp;__tn__=-%5dK-R\" rel=\"nofollow noopener\" target=\"_blank\">Rejonowe Ko\u0142o Pszczelarzy w Boles\u0142awcu<\/a><a href=\"https:\/\/www.facebook.com\/foswroclaw?__cft__%5b0%5d=AZVR2utUX5NH9BCQpY82GMTucD361U-na-LO4_ICKY09QvFCCNrbc9qLBLeuP0wgJdIKV-r-_c6O9KimlPAZZRXHA_UZcKIXKErmXMtL0Lbk0C2IN-UwLQvKcf-7mvZuff_8FUsyfoU75009h_G-7SvD&amp;__tn__=-%5dK-R\" rel=\"nofollow noopener\" target=\"_blank\">Wojew\u00f3dzki Fundusz Ochrony \u015arodowiska i Gospodarki Wodnej we Wroc\u0142awiu<\/a>.<\/p>\n\n\n\n<figure class=\"wp-block-image size-full\"><img loading=\"lazy\" decoding=\"async\" width=\"526\" height=\"441\" src=\"https:\/\/plsn.eu\/wp-content\/uploads\/2024\/10\/Dla-Pszczol-konferencja-online-17.11.2022-grafika.jpg\" alt=\"\" class=\"wp-image-27446\" srcset=\"https:\/\/plsn.eu\/wp-content\/uploads\/2024\/10\/Dla-Pszczol-konferencja-online-17.11.2022-grafika.jpg 526w, https:\/\/plsn.eu\/wp-content\/uploads\/2024\/10\/Dla-Pszczol-konferencja-online-17.11.2022-grafika-300x252.jpg 300w\" sizes=\"auto, (max-width: 526px) 100vw, 526px\" \/><\/figure>\n","protected":false},"excerpt":{"rendered":"<p>17. November 2022 ONLINE Seit 2019 arbeiten vier Organisationen&nbsp;aus Deutschland und Polen \u00fcber Grenzen hinweg f\u00fcr Wildbest\u00e4uber zusammen. Diese&nbsp;Partnerschaft brachte viele&nbsp;interessanten Schlussfolgerungen, guten Beispiele&nbsp;sowie neue&nbsp;Perspektiven, die in einem offenen Online-Treffen er\u00f6rtert werden. Im Namen von Fundacja Ekorozwoju, Fundacja Ekologiczna Zielona Akcja, dem Internationalen Begegnungszentrum St. Marienthal und dem Lebens(t)r\u00e4ume e.V. laden&nbsp;wir Sie&nbsp;herzlich&nbsp;zu einer offenen Online-Treffen [&hellip;]<\/p>\n","protected":false},"author":20,"featured_media":0,"comment_status":"open","ping_status":"open","sticky":false,"template":"","format":"standard","meta":{"_acf_changed":false,"inline_featured_image":false,"_themeisle_gutenberg_block_has_review":false,"footnotes":"","_links_to":"","_links_to_target":""},"categories":[1555],"tags":[],"class_list":["post-28098","post","type-post","status-publish","format-standard","hentry","category-aktuelles"],"acf":[],"_links":{"self":[{"href":"https:\/\/plsn.eu\/de\/wp-json\/wp\/v2\/posts\/28098","targetHints":{"allow":["GET"]}}],"collection":[{"href":"https:\/\/plsn.eu\/de\/wp-json\/wp\/v2\/posts"}],"about":[{"href":"https:\/\/plsn.eu\/de\/wp-json\/wp\/v2\/types\/post"}],"author":[{"embeddable":true,"href":"https:\/\/plsn.eu\/de\/wp-json\/wp\/v2\/users\/20"}],"replies":[{"embeddable":true,"href":"https:\/\/plsn.eu\/de\/wp-json\/wp\/v2\/comments?post=28098"}],"version-history":[{"count":1,"href":"https:\/\/plsn.eu\/de\/wp-json\/wp\/v2\/posts\/28098\/revisions"}],"predecessor-version":[{"id":28100,"href":"https:\/\/plsn.eu\/de\/wp-json\/wp\/v2\/posts\/28098\/revisions\/28100"}],"wp:attachment":[{"href":"https:\/\/plsn.eu\/de\/wp-json\/wp\/v2\/media?parent=28098"}],"wp:term":[{"taxonomy":"category","embeddable":true,"href":"https:\/\/plsn.eu\/de\/wp-json\/wp\/v2\/categories?post=28098"},{"taxonomy":"post_tag","embeddable":true,"href":"https:\/\/plsn.eu\/de\/wp-json\/wp\/v2\/tags?post=28098"}],"curies":[{"name":"wp","href":"https:\/\/api.w.org\/{rel}","templated":true}]}}