{"id":28109,"date":"2022-10-27T22:00:00","date_gmt":"2022-10-27T20:00:00","guid":{"rendered":"https:\/\/plsn.eu\/wielki-final-europejskiego-konkursu-slam-z-naszym-projektem-trails\/"},"modified":"2024-10-18T00:55:16","modified_gmt":"2024-10-17T22:55:16","slug":"das-grosse-finale-des-slam-wettbewerbs-mit-unserem-trails-projekt","status":"publish","type":"post","link":"https:\/\/plsn.eu\/de\/das-grosse-finale-des-slam-wettbewerbs-mit-unserem-trails-projekt\/","title":{"rendered":"Das gro\u00dfe Finale des SLAM!-Wettbewerbs mit unserem TRAILS-Projekt!"},"content":{"rendered":"\n<p><strong>Schauen Sie bitte mit uns die Live-\u00dcbertragung aus Br\u00fcssel<span style=\"color: rgb(51, 51, 51); font-family: Ubuntu, &quot;Helvetica Neue&quot;, Helvetica, Arial, sans-serif; font-size: 14px; white-space-collapse: collapse;\"><\/span><div style=\"color: rgb(51, 51, 51); font-family: Ubuntu, &quot;Helvetica Neue&quot;, Helvetica, Arial, sans-serif; font-size: 14px; white-space-collapse: collapse;\"><\/div><\/strong><div><b style=\"color: rgb(51, 51, 51); font-family: Ubuntu, &quot;Helvetica Neue&quot;, Helvetica, Arial, sans-serif; font-size: 14px; white-space-collapse: collapse;\"><\/b><\/div><\/p>\n\n\n\n<div style=\"height:25px\" aria-hidden=\"true\" class=\"wp-block-spacer\"><\/div>\n\n\n\n<p>Heute um 11:30 Uhr in Br\u00fcssel findet das gro\u00dfe Finale des Wettbewerbs der Europ\u00e4ischen Kommission \u201eSLAM!\u201c f\u00fcr das beste Jugend-Projekt des Jahres 2022 statt. Schauen Sie bitte gemeinsam mit uns die Live-\u00dcbertragung!<\/p>\n\n\n\n<p><strong>Wir dr\u00fccken die Daumen f\u00fcr unser TRAILS-Projekt und w\u00fcnschen dem TRAILS-Team an Ort und Stelle viel Erfolg!<\/strong><\/p>\n\n\n\n<p>Link zur Live-\u00dcbertagung:&nbsp;<a href=\"https:\/\/www.facebook.com\/events\/677993256846509?ref=newsfeed\" rel=\"nofollow noopener\" target=\"_blank\">https:\/\/www.facebook.com\/events\/677993256846509?ref=newsfeed<\/a><\/p>\n","protected":false},"excerpt":{"rendered":"<p>Schauen Sie bitte mit uns die Live-\u00dcbertragung aus Br\u00fcssel Heute um 11:30 Uhr in Br\u00fcssel findet das gro\u00dfe Finale des Wettbewerbs der Europ\u00e4ischen Kommission \u201eSLAM!\u201c f\u00fcr das beste Jugend-Projekt des Jahres 2022 statt. Schauen Sie bitte gemeinsam mit uns die Live-\u00dcbertragung! Wir dr\u00fccken die Daumen f\u00fcr unser TRAILS-Projekt und w\u00fcnschen dem TRAILS-Team an Ort und [&hellip;]<\/p>\n","protected":false},"author":20,"featured_media":0,"comment_status":"open","ping_status":"open","sticky":false,"template":"","format":"standard","meta":{"_acf_changed":false,"inline_featured_image":false,"_themeisle_gutenberg_block_has_review":false,"footnotes":"","_links_to":"","_links_to_target":""},"categories":[1555],"tags":[],"class_list":["post-28109","post","type-post","status-publish","format-standard","hentry","category-aktuelles"],"acf":[],"_links":{"self":[{"href":"https:\/\/plsn.eu\/de\/wp-json\/wp\/v2\/posts\/28109","targetHints":{"allow":["GET"]}}],"collection":[{"href":"https:\/\/plsn.eu\/de\/wp-json\/wp\/v2\/posts"}],"about":[{"href":"https:\/\/plsn.eu\/de\/wp-json\/wp\/v2\/types\/post"}],"author":[{"embeddable":true,"href":"https:\/\/plsn.eu\/de\/wp-json\/wp\/v2\/users\/20"}],"replies":[{"embeddable":true,"href":"https:\/\/plsn.eu\/de\/wp-json\/wp\/v2\/comments?post=28109"}],"version-history":[{"count":1,"href":"https:\/\/plsn.eu\/de\/wp-json\/wp\/v2\/posts\/28109\/revisions"}],"predecessor-version":[{"id":28110,"href":"https:\/\/plsn.eu\/de\/wp-json\/wp\/v2\/posts\/28109\/revisions\/28110"}],"wp:attachment":[{"href":"https:\/\/plsn.eu\/de\/wp-json\/wp\/v2\/media?parent=28109"}],"wp:term":[{"taxonomy":"category","embeddable":true,"href":"https:\/\/plsn.eu\/de\/wp-json\/wp\/v2\/categories?post=28109"},{"taxonomy":"post_tag","embeddable":true,"href":"https:\/\/plsn.eu\/de\/wp-json\/wp\/v2\/tags?post=28109"}],"curies":[{"name":"wp","href":"https:\/\/api.w.org\/{rel}","templated":true}]}}