{"id":28111,"date":"2022-10-21T22:01:00","date_gmt":"2022-10-21T20:01:00","guid":{"rendered":"https:\/\/plsn.eu\/wydarzenie-roczne-programu-wspolpracy-interreg-polska-saksonia-2014-2020\/"},"modified":"2024-10-18T00:56:15","modified_gmt":"2024-10-17T22:56:15","slug":"jahresveranstaltung-2022-des-koopartionsprogramms-interreg-polen-sachsen","status":"publish","type":"post","link":"https:\/\/plsn.eu\/de\/jahresveranstaltung-2022-des-koopartionsprogramms-interreg-polen-sachsen\/","title":{"rendered":"JAHRESVERANSTALTUNG 2022 des Koopartionsprogramms INTERREG Polen &#8211; Sachsen"},"content":{"rendered":"\n<p><strong>LIVE \u00dcBERTRAGUNG!<span style=\"color: rgb(51, 51, 51); font-family: Ubuntu, &quot;Helvetica Neue&quot;, Helvetica, Arial, sans-serif; font-size: 14px; white-space-collapse: collapse;\"><\/span><div style=\"color: rgb(51, 51, 51); font-family: Ubuntu, &quot;Helvetica Neue&quot;, Helvetica, Arial, sans-serif; font-size: 14px; white-space-collapse: collapse;\"><\/div><\/strong><div><b style=\"color: rgb(51, 51, 51); font-family: Ubuntu, &quot;Helvetica Neue&quot;, Helvetica, Arial, sans-serif; font-size: 14px; white-space-collapse: collapse;\"><\/b><\/div><\/p>\n\n\n\n<p>Ab 10:00 Uhr ladem wir Sie zu einer Live-\u00dcbertagung der Konferenzteilen der Jahresveranstaltung des Kooperationsprogramms INTERREG Polen &#8211; Sachsen ein.<\/p>\n\n\n\n<p>Die \u00dcbertragung erfolgt auf unserem Facebook-Profil.&nbsp;<\/p>\n\n\n\n<p><a href=\"https:\/\/www.facebook.com\/Interreg-Polska-Sachsen-2021-2027-1583796415194639\/\" rel=\"nofollow noopener\" target=\"_blank\">https:\/\/www.facebook.com\/Interreg-Polska-Sachsen-2021-2027-1583796415194639\/<\/a><\/p>\n\n\n\n<p><\/p>\n","protected":false},"excerpt":{"rendered":"<p>LIVE \u00dcBERTRAGUNG! Ab 10:00 Uhr ladem wir Sie zu einer Live-\u00dcbertagung der Konferenzteilen der Jahresveranstaltung des Kooperationsprogramms INTERREG Polen &#8211; Sachsen ein. Die \u00dcbertragung erfolgt auf unserem Facebook-Profil.&nbsp; https:\/\/www.facebook.com\/Interreg-Polska-Sachsen-2021-2027-1583796415194639\/<\/p>\n","protected":false},"author":20,"featured_media":0,"comment_status":"open","ping_status":"open","sticky":false,"template":"","format":"standard","meta":{"_acf_changed":false,"inline_featured_image":false,"_themeisle_gutenberg_block_has_review":false,"footnotes":"","_links_to":"","_links_to_target":""},"categories":[1555],"tags":[],"class_list":["post-28111","post","type-post","status-publish","format-standard","hentry","category-aktuelles"],"acf":[],"_links":{"self":[{"href":"https:\/\/plsn.eu\/de\/wp-json\/wp\/v2\/posts\/28111","targetHints":{"allow":["GET"]}}],"collection":[{"href":"https:\/\/plsn.eu\/de\/wp-json\/wp\/v2\/posts"}],"about":[{"href":"https:\/\/plsn.eu\/de\/wp-json\/wp\/v2\/types\/post"}],"author":[{"embeddable":true,"href":"https:\/\/plsn.eu\/de\/wp-json\/wp\/v2\/users\/20"}],"replies":[{"embeddable":true,"href":"https:\/\/plsn.eu\/de\/wp-json\/wp\/v2\/comments?post=28111"}],"version-history":[{"count":1,"href":"https:\/\/plsn.eu\/de\/wp-json\/wp\/v2\/posts\/28111\/revisions"}],"predecessor-version":[{"id":28112,"href":"https:\/\/plsn.eu\/de\/wp-json\/wp\/v2\/posts\/28111\/revisions\/28112"}],"wp:attachment":[{"href":"https:\/\/plsn.eu\/de\/wp-json\/wp\/v2\/media?parent=28111"}],"wp:term":[{"taxonomy":"category","embeddable":true,"href":"https:\/\/plsn.eu\/de\/wp-json\/wp\/v2\/categories?post=28111"},{"taxonomy":"post_tag","embeddable":true,"href":"https:\/\/plsn.eu\/de\/wp-json\/wp\/v2\/tags?post=28111"}],"curies":[{"name":"wp","href":"https:\/\/api.w.org\/{rel}","templated":true}]}}