{"id":28139,"date":"2022-07-01T22:26:00","date_gmt":"2022-07-01T20:26:00","guid":{"rendered":"https:\/\/plsn.eu\/historia-o-trails-i-trails-w-finale-konkursu-interreg-slam-2022\/"},"modified":"2024-10-18T09:24:20","modified_gmt":"2024-10-18T07:24:20","slug":"geschichte-uber-trails-i-trails-im-finale-des-wettbewerbs-intereg-slam-2022","status":"publish","type":"post","link":"https:\/\/plsn.eu\/de\/geschichte-uber-trails-i-trails-im-finale-des-wettbewerbs-intereg-slam-2022\/","title":{"rendered":"Geschichte \u00fcber TRAILS I TRAILS+ im Finale des Wettbewerbs INTEREG SLAM 2022"},"content":{"rendered":"\n<p>Mit gro\u00dfer Freude m\u00f6chten wir Ihnen mitteilen, dass die Geschichte \u00fcber das Projekt TRAILS I TRAILS+, mit der&nbsp;wir uns beim europ\u00e4ischen Wettberwerb Interreg Slam 2022 beworben haben, von der Jury in die finale Runde der letzten 6 Stories gew\u00e4hlt wurde.&nbsp;<\/p>\n\n\n\n<p>Wir geh\u00f6ren damit zu einem kleinen Kreis von urspr\u00fcnglich 40 Kandidaten, der nunmehr als n\u00e4chsten Schritt ein Video \u00fcber das eigene Projekt produzieren wird, das im September bei einem Social-Media-Wettbewerb pr\u00e4sentiert wird. Das Finale findet dann im Rahmen der Interreg &#8211; Jahreshauptveranstaltung im Oktober 2022 in Br\u00fcssel statt.&nbsp;<\/p>\n\n\n\n<p>Der&nbsp;Wettbewerb ist eine exzellente Gelegenheit, Tausenden von Europ\u00e4ern EU-weit von dem Projekt zu erz\u00e4hlen. Dar\u00fcber hinaus k\u00f6nnen die Videoproduktionen dem breiten Publikum in den socialen Medien&nbsp;und auf den Projektinternetseiten als eigenes Info-Material pr\u00e4sentiert werden.<\/p>\n\n\n\n<p>Die Gewinner der esten Etappe finden Sie hier:&nbsp;<a href=\"https:\/\/www.interact-eu.net\/#o=news\/get-know-more-about-our-6-finalists-interreg-slam-2022\" rel=\"nofollow noopener\" target=\"_blank\">https:\/\/www.interact-eu.net\/#o=news\/get-know-more-about-our-6-finalists-interreg-slam-2022<\/a><\/p>\n\n\n\n<p>Weitere informationen zum Wettbewerb finden Sie hier:&nbsp;<a href=\"https:\/\/de.plsn.eu\/wiadomosci\">https:\/\/de.plsn.eu\/wiadomosci&nbsp;<\/a><\/p>\n\n\n\n<figure class=\"wp-block-image size-large\"><img loading=\"lazy\" decoding=\"async\" width=\"1024\" height=\"577\" src=\"https:\/\/plsn.eu\/wp-content\/uploads\/2024\/10\/Interreg_Slam_grafika-2-1024x577.png\" alt=\"\" class=\"wp-image-27510\" srcset=\"https:\/\/plsn.eu\/wp-content\/uploads\/2024\/10\/Interreg_Slam_grafika-2-1024x577.png 1024w, https:\/\/plsn.eu\/wp-content\/uploads\/2024\/10\/Interreg_Slam_grafika-2-300x169.png 300w, https:\/\/plsn.eu\/wp-content\/uploads\/2024\/10\/Interreg_Slam_grafika-2-768x433.png 768w, https:\/\/plsn.eu\/wp-content\/uploads\/2024\/10\/Interreg_Slam_grafika-2-1536x865.png 1536w, https:\/\/plsn.eu\/wp-content\/uploads\/2024\/10\/Interreg_Slam_grafika-2.png 1640w\" sizes=\"auto, (max-width: 1024px) 100vw, 1024px\" \/><\/figure>\n","protected":false},"excerpt":{"rendered":"<p>Mit gro\u00dfer Freude m\u00f6chten wir Ihnen mitteilen, dass die Geschichte \u00fcber das Projekt TRAILS I TRAILS+, mit der&nbsp;wir uns beim europ\u00e4ischen Wettberwerb Interreg Slam 2022 beworben haben, von der Jury in die finale Runde der letzten 6 Stories gew\u00e4hlt wurde.&nbsp; Wir geh\u00f6ren damit zu einem kleinen Kreis von urspr\u00fcnglich 40 Kandidaten, der nunmehr als n\u00e4chsten [&hellip;]<\/p>\n","protected":false},"author":20,"featured_media":0,"comment_status":"open","ping_status":"open","sticky":false,"template":"","format":"standard","meta":{"_acf_changed":false,"inline_featured_image":false,"_themeisle_gutenberg_block_has_review":false,"footnotes":"","_links_to":"","_links_to_target":""},"categories":[1555],"tags":[],"class_list":["post-28139","post","type-post","status-publish","format-standard","hentry","category-aktuelles"],"acf":[],"_links":{"self":[{"href":"https:\/\/plsn.eu\/de\/wp-json\/wp\/v2\/posts\/28139","targetHints":{"allow":["GET"]}}],"collection":[{"href":"https:\/\/plsn.eu\/de\/wp-json\/wp\/v2\/posts"}],"about":[{"href":"https:\/\/plsn.eu\/de\/wp-json\/wp\/v2\/types\/post"}],"author":[{"embeddable":true,"href":"https:\/\/plsn.eu\/de\/wp-json\/wp\/v2\/users\/20"}],"replies":[{"embeddable":true,"href":"https:\/\/plsn.eu\/de\/wp-json\/wp\/v2\/comments?post=28139"}],"version-history":[{"count":1,"href":"https:\/\/plsn.eu\/de\/wp-json\/wp\/v2\/posts\/28139\/revisions"}],"predecessor-version":[{"id":28140,"href":"https:\/\/plsn.eu\/de\/wp-json\/wp\/v2\/posts\/28139\/revisions\/28140"}],"wp:attachment":[{"href":"https:\/\/plsn.eu\/de\/wp-json\/wp\/v2\/media?parent=28139"}],"wp:term":[{"taxonomy":"category","embeddable":true,"href":"https:\/\/plsn.eu\/de\/wp-json\/wp\/v2\/categories?post=28139"},{"taxonomy":"post_tag","embeddable":true,"href":"https:\/\/plsn.eu\/de\/wp-json\/wp\/v2\/tags?post=28139"}],"curies":[{"name":"wp","href":"https:\/\/api.w.org\/{rel}","templated":true}]}}