{"id":28154,"date":"2022-05-19T22:41:00","date_gmt":"2022-05-19T20:41:00","guid":{"rendered":"https:\/\/plsn.eu\/bezgranicznie-dbamy-o-klimat\/"},"modified":"2024-10-18T09:47:29","modified_gmt":"2024-10-18T07:47:29","slug":"wir-kummern-uns-grenzenlos-um-das-klima","status":"publish","type":"post","link":"https:\/\/plsn.eu\/de\/wir-kummern-uns-grenzenlos-um-das-klima\/","title":{"rendered":"&#8222;Wir k\u00fcmmern uns grenzenlos um das Klima&#8220;"},"content":{"rendered":"\n<p><strong>WORKSHOP!<\/strong><\/p>\n\n\n\n<p>Die Stiftung Forum f\u00fcr soziale Initiativen&nbsp;<strong>l\u00e4dt<\/strong>&nbsp;gemeinsam mit Eurosoc #Digital aus Deutschland, der Stiftung Sever aus der Tschechischen Republik und dem Marschallamt von Niederschlesien &#8211; den Partnern des Projekts &#8222;Nachhaltiges \u00d6kosystem f\u00fcr Klimabildung&#8220;, Vertreter*innen von Kommunalverwaltungen, Schulleiter*innen, Lehrer*innen, Vertreter*innen von Unternehmen und NGOs<strong>&nbsp;zur Teilnahme an regionalen Workshops ein<\/strong>:<\/p>\n\n\n\n<h4 class=\"wp-block-heading\">&#8222;Wir k\u00fcmmern uns grenzenlos um das Klima&#8220;<\/h4>\n\n\n\n<p>Der Workshop ist Teil eines Projekts, das darauf abzielt, ein&nbsp;<strong>neues Modell f\u00fcr praktische und effektive Klimabildung in Schulen<\/strong>&nbsp;zu entwickeln. Der Workshop wird mit der Open Space Technology-Methode durchgef\u00fchrt, die eine freie Diskussion und Behandlung von Umwelt- und Klimathemen erm\u00f6glicht, die f\u00fcr bestimmte Regionen und Interessengruppen von Bedeutung sind. Der Titel des Workshops wurde w\u00e4hrend der Konferenz &#8222;Sustainable Ecosystem for Climate Education&#8220;, die am 29. M\u00e4rz 2022 online stattfand, partizipativ entwickelt:&nbsp;<a href=\"https:\/\/www.youtube.com\/channel\/UCOMyG5SAHvpg7CuQAM4eiMQ\" rel=\"nofollow noopener\" target=\"_blank\">https:\/\/www.youtube.com\/channel\/UCOMyG5SAHvpg7CuQAM4eiMQ<\/a>&nbsp; .<\/p>\n\n\n\n<p>Auch dieses Mal werden die Veranstalter&nbsp;in einer kreativen und dialogoffenen Atmosph\u00e4re an einem gemeinsamen Verst\u00e4ndnis des Klimawandels, der Klimabildung und ihrer Bedeutung f\u00fcr Niederschlesien und die Grenzgebiete Polens, Deutschlands und der Tschechischen Republik arbeiten und eine gemeinsame Klimaerkl\u00e4rung in einer f\u00fcr verschiedene Gruppen verst\u00e4ndlichen Sprache entwickeln.<\/p>\n\n\n\n<p><strong>Der Workshop auch f\u00fcr G\u00e4ste aus Deutschland findet am 6. Juni in Boleslawiec statt.<\/strong><\/p>\n\n\n\n<p>Vorteile der Teilnahme:<\/p>\n\n\n\n<ul class=\"wp-block-list\">\n<li>Arbeiten mit Open Space Technology (OST),<\/li>\n\n\n\n<li>Die entspannte, integrative Atmosph\u00e4re und die interaktive Formel der OST,<\/li>\n\n\n\n<li>Die M\u00f6glichkeit, ein Thema zur Diskussion zu stellen, relevante Klimafragen, Klimabildung in Schulen und die damit verbundenen Herausforderungen und L\u00f6sungen anzusprechen,<\/li>\n\n\n\n<li>Qualitativ hochwertige und effektive Gespr\u00e4che in kleineren Gruppen \u2013 jede*r kann selbst entscheiden, mit wem und \u00fcber was gesprochen wird,<\/li>\n\n\n\n<li>Eine Gelegenheit f\u00fcr wertvolle Begegnungen und den Aufbau von Beziehungen,<\/li>\n\n\n\n<li>Kaffee w\u00e4hrend der gesamten Veranstaltung,<\/li>\n\n\n\n<li>Zugang zu einem E-Bericht mit Notizen zu allen Diskussionen.<\/li>\n<\/ul>\n\n\n\n<figure class=\"wp-block-table\"><table class=\"has-fixed-layout\"><tbody><tr><td class=\"has-text-align-center\" data-align=\"center\">Gehen Sie jetzt Klimaqualit\u00e4t und Klimaschutz an.<br>Wir laden Sie ein, sich durch Ausf\u00fcllen des kurzen Formulars anzumelden:<br><a href=\"https:\/\/docs.google.com\/forms\/d\/e\/1FAIpQLSdmBX0iOELc4iAasPV7VG_IMSXYlA44XN_b2tOQ2i_N6upGCA\/viewform?usp=sf_link\" rel=\"nofollow noopener\" target=\"_blank\">https:\/\/docs.google.com\/forms\/d\/e\/1FAIpQLSdmBX0iOELc4iAasPV7VG_IMSXYlA44XN_b2tOQ2i_N6upGCA\/viewform?usp=sf_link<\/a><br>Die Pl\u00e4tze sind begrenzt &#8211;\u00a0<strong>Anmeldun<\/strong>g m\u00f6glich\u00a0<strong>bis: 27. Mai 2022<\/strong><br>Bei Fragen k\u00f6nnen Sie uns gerne kontaktieren:\u00a0<a href=\"mailto:hhaberstock@eurosoc-digital.org\">hhaberstock@eurosoc-digital.org<\/a>\u00a0,\u00a0<a href=\"mailto:joanna.mazurek@ffis.edu.pl\">joanna.mazurek@ffis.edu.pl<\/a><\/td><\/tr><\/tbody><\/table><\/figure>\n\n\n\n<p>Rahmenprogramm<\/p>\n\n\n\n<p>9.00 Anmeldung, Kaffee und Erfrischung<\/p>\n\n\n\n<p>9.30 Er\u00f6ffnung der Veranstaltung und Einf\u00fchrung in das Thema &#8222;Grenzenlos f\u00fcr das Klima sorgen&#8220;<\/p>\n\n\n\n<p>9.40 Gegenseitiges Kennenlernen und Integration der Teilnehmer*innen, Einf\u00fchrung in die Prinzipien der Open Space Technology<\/p>\n\n\n\n<p>10.10 Einreichung von Themen zur Diskussion in kleineren Gruppen \u2013 Teilnehmer*innen<\/p>\n\n\n\n<p>10.30 Parallele Diskussionen in kleineren Gruppen:<\/p>\n\n\n\n<ul class=\"wp-block-list\">\n<li>Bewegungsfreiheit zwischen den Diskussionsr\u00e4umen,<\/li>\n\n\n\n<li>st\u00e4ndiger Zugang zur Cafeteria,<\/li>\n\n\n\n<li>gemeinsames Verfassen von Diskussionsnotizen, die den elektronischen Bericht bilden werden<\/li>\n<\/ul>\n\n\n\n<p>12.30 \u00dcberpr\u00fcfung der Diskussionsberichte und \u00dcberlegungen<\/p>\n\n\n\n<p>13.00 Uhr Einreichung von Initiativen und gemeinsam verfasster Klimaerkl\u00e4rung f\u00fcr die Region<\/p>\n\n\n\n<p>14.00-14.30 Zusammenfassung \u2013 alle machen mit!<\/p>\n\n\n\n<p>Wir laden Sie ein, kreativ zusammen zu arbeiten!<\/p>\n\n\n\n<p>Dieses Projekt ist Teil der Europ\u00e4ischen Klimaschutzinitiative (EUKI). Die EUKI ist ein Projektf\u00f6rderungsinstrument des Bundesministeriums f\u00fcr Wirtschaft und Klimaschutz (BMWK). Der Aufruf zur Einreichung von Projektideen im Rahmen der EUKI wird von der Deutschen Gesellschaft f\u00fcr Internationale Zusammenarbeit (GIZ) GmbH durchgef\u00fchrt. Das \u00fcbergeordnete Ziel der EUKI ist die F\u00f6rderung der Klimakooperation innerhalb der Europ\u00e4ischen Union (EU), um Treibhausgasemissionen zu reduzieren. przez Deutsche Gesellschaft f\u00fcr Internationale Zusammenarbeit (GIZ) GmbH. Nadrz\u0119dnym celem EUKI jest wspieranie wsp\u00f3\u0142pracy w dziedzinie klimatu w Unii Europejskiej (UE) w celu ograniczenia emisji gaz\u00f3w cieplarnianych\u00a0<\/p>\n\n\n\n<figure class=\"wp-block-image size-full\"><img loading=\"lazy\" decoding=\"async\" width=\"600\" height=\"200\" src=\"https:\/\/plsn.eu\/wp-content\/uploads\/2024\/10\/warsztaty-Zrownowazony-rozwoj-edukacji-klimatycznej-GRAFIKA.png\" alt=\"\" class=\"wp-image-27538\" srcset=\"https:\/\/plsn.eu\/wp-content\/uploads\/2024\/10\/warsztaty-Zrownowazony-rozwoj-edukacji-klimatycznej-GRAFIKA.png 600w, https:\/\/plsn.eu\/wp-content\/uploads\/2024\/10\/warsztaty-Zrownowazony-rozwoj-edukacji-klimatycznej-GRAFIKA-300x100.png 300w\" sizes=\"auto, (max-width: 600px) 100vw, 600px\" \/><\/figure>\n","protected":false},"excerpt":{"rendered":"<p>WORKSHOP! Die Stiftung Forum f\u00fcr soziale Initiativen&nbsp;l\u00e4dt&nbsp;gemeinsam mit Eurosoc #Digital aus Deutschland, der Stiftung Sever aus der Tschechischen Republik und dem Marschallamt von Niederschlesien &#8211; den Partnern des Projekts &#8222;Nachhaltiges \u00d6kosystem f\u00fcr Klimabildung&#8220;, Vertreter*innen von Kommunalverwaltungen, Schulleiter*innen, Lehrer*innen, Vertreter*innen von Unternehmen und NGOs&nbsp;zur Teilnahme an regionalen Workshops ein: &#8222;Wir k\u00fcmmern uns grenzenlos um das Klima&#8220; [&hellip;]<\/p>\n","protected":false},"author":20,"featured_media":0,"comment_status":"open","ping_status":"open","sticky":false,"template":"","format":"standard","meta":{"_acf_changed":false,"inline_featured_image":false,"_themeisle_gutenberg_block_has_review":false,"footnotes":"","_links_to":"","_links_to_target":""},"categories":[1555],"tags":[],"class_list":["post-28154","post","type-post","status-publish","format-standard","hentry","category-aktuelles"],"acf":[],"_links":{"self":[{"href":"https:\/\/plsn.eu\/de\/wp-json\/wp\/v2\/posts\/28154","targetHints":{"allow":["GET"]}}],"collection":[{"href":"https:\/\/plsn.eu\/de\/wp-json\/wp\/v2\/posts"}],"about":[{"href":"https:\/\/plsn.eu\/de\/wp-json\/wp\/v2\/types\/post"}],"author":[{"embeddable":true,"href":"https:\/\/plsn.eu\/de\/wp-json\/wp\/v2\/users\/20"}],"replies":[{"embeddable":true,"href":"https:\/\/plsn.eu\/de\/wp-json\/wp\/v2\/comments?post=28154"}],"version-history":[{"count":1,"href":"https:\/\/plsn.eu\/de\/wp-json\/wp\/v2\/posts\/28154\/revisions"}],"predecessor-version":[{"id":28156,"href":"https:\/\/plsn.eu\/de\/wp-json\/wp\/v2\/posts\/28154\/revisions\/28156"}],"wp:attachment":[{"href":"https:\/\/plsn.eu\/de\/wp-json\/wp\/v2\/media?parent=28154"}],"wp:term":[{"taxonomy":"category","embeddable":true,"href":"https:\/\/plsn.eu\/de\/wp-json\/wp\/v2\/categories?post=28154"},{"taxonomy":"post_tag","embeddable":true,"href":"https:\/\/plsn.eu\/de\/wp-json\/wp\/v2\/tags?post=28154"}],"curies":[{"name":"wp","href":"https:\/\/api.w.org\/{rel}","templated":true}]}}