{"id":28157,"date":"2022-05-09T22:44:00","date_gmt":"2022-05-09T20:44:00","guid":{"rendered":"https:\/\/plsn.eu\/9-maja-dzien-europy\/"},"modified":"2024-10-18T09:48:44","modified_gmt":"2024-10-18T07:48:44","slug":"9-mai-europatag","status":"publish","type":"post","link":"https:\/\/plsn.eu\/de\/9-mai-europatag\/","title":{"rendered":"9. Mai &#8211; Europatag"},"content":{"rendered":"\n<p><strong>#EuropeDay<span style=\"color: rgb(51, 51, 51); font-family: Ubuntu, &quot;Helvetica Neue&quot;, Helvetica, Arial, sans-serif; font-size: 14px; white-space-collapse: collapse;\"><\/span><div style=\"color: rgb(51, 51, 51); font-family: Ubuntu, &quot;Helvetica Neue&quot;, Helvetica, Arial, sans-serif; font-size: 14px; white-space-collapse: collapse;\"><\/div><\/strong><div><b style=\"color: rgb(51, 51, 51); font-family: Ubuntu, &quot;Helvetica Neue&quot;, Helvetica, Arial, sans-serif; font-size: 14px; white-space-collapse: collapse;\"><\/b><\/div><\/p>\n\n\n\n<div style=\"height:29px\" aria-hidden=\"true\" class=\"wp-block-spacer\"><\/div>\n\n\n\n<p>Guten Morgen Europa!<br>&nbsp;<\/p>\n\n\n\n<p>Mit dem Europatag feiern wir den Tag der \u201e<a href=\"https:\/\/european-union.europa.eu\/principles-countries-history\/history-eu\/1945-59\/schuman-declaration-may-1950_de\" rel=\"nofollow noopener\" target=\"_blank\">Schuman-Erkl\u00e4rung<\/a>\u201c, die am 9.&nbsp;Mai 1950 abgegeben wurde und deren Grundlage die Wahrung des Friedens in Europa war. Schon damals, in der Nachkriegszeit, war die Idee das Ziel auch der heutigen Europ\u00e4ischen Union. Heute gewinnt sie eine besondere Bedeutung, wann wir geschlossen solidarisch mit der Ukraine stehen.<\/p>\n\n\n\n<p>Die EU-Institutionen laden aus diesem Anlass zu zahlreichen Online- und Vor-Ort-Aktivit\u00e4ten ein. In dem Europ\u00e4ischen Jahr der Jugend wollen wir insbesondere jungen Menschen Geh\u00f6r schenken und sie in eine gemeinsame Gestaltung einer besseren Zukunft in Europa ermuntern.<\/p>\n\n\n\n<p>Mehr zu Veranstaltungen zu Europa-Tag finden Sie hier:&nbsp;<a href=\"https:\/\/europeday.europa.eu\/index_de\" rel=\"nofollow noopener\" target=\"_blank\">https:\/\/europeday.europa.eu\/index_de<\/a>&nbsp;&nbsp;<\/p>\n\n\n\n<p><a href=\"https:\/\/europeday.europa.eu\/system\/files\/2022-05\/EuropeDay_Factsheet_de.pdf\" rel=\"nofollow noopener\" target=\"_blank\">#Europatag 2022<\/a><\/p>\n\n\n\n<p><a href=\"https:\/\/europeday.europa.eu\/system\/files\/2022-05\/EuropeDay_Factsheet_de.pdf\" rel=\"nofollow noopener\" target=\"_blank\">#EuropeDay<\/a><\/p>\n\n\n\n<figure class=\"wp-block-image size-large\"><img loading=\"lazy\" decoding=\"async\" width=\"1024\" height=\"1024\" src=\"https:\/\/plsn.eu\/wp-content\/uploads\/2024\/10\/Dzien-Europy-2022-zjednoczeni-w-pokoju-graifka-1024x1024.jpg\" alt=\"\" class=\"wp-image-27541\" srcset=\"https:\/\/plsn.eu\/wp-content\/uploads\/2024\/10\/Dzien-Europy-2022-zjednoczeni-w-pokoju-graifka-1024x1024.jpg 1024w, https:\/\/plsn.eu\/wp-content\/uploads\/2024\/10\/Dzien-Europy-2022-zjednoczeni-w-pokoju-graifka-300x300.jpg 300w, https:\/\/plsn.eu\/wp-content\/uploads\/2024\/10\/Dzien-Europy-2022-zjednoczeni-w-pokoju-graifka-150x150.jpg 150w, https:\/\/plsn.eu\/wp-content\/uploads\/2024\/10\/Dzien-Europy-2022-zjednoczeni-w-pokoju-graifka-768x768.jpg 768w, https:\/\/plsn.eu\/wp-content\/uploads\/2024\/10\/Dzien-Europy-2022-zjednoczeni-w-pokoju-graifka.jpg 1080w\" sizes=\"auto, (max-width: 1024px) 100vw, 1024px\" \/><\/figure>\n","protected":false},"excerpt":{"rendered":"<p>#EuropeDay Guten Morgen Europa!&nbsp; Mit dem Europatag feiern wir den Tag der \u201eSchuman-Erkl\u00e4rung\u201c, die am 9.&nbsp;Mai 1950 abgegeben wurde und deren Grundlage die Wahrung des Friedens in Europa war. Schon damals, in der Nachkriegszeit, war die Idee das Ziel auch der heutigen Europ\u00e4ischen Union. Heute gewinnt sie eine besondere Bedeutung, wann wir geschlossen solidarisch mit [&hellip;]<\/p>\n","protected":false},"author":20,"featured_media":0,"comment_status":"open","ping_status":"open","sticky":false,"template":"","format":"standard","meta":{"_acf_changed":false,"inline_featured_image":false,"_themeisle_gutenberg_block_has_review":false,"footnotes":"","_links_to":"","_links_to_target":""},"categories":[1555],"tags":[],"class_list":["post-28157","post","type-post","status-publish","format-standard","hentry","category-aktuelles"],"acf":[],"_links":{"self":[{"href":"https:\/\/plsn.eu\/de\/wp-json\/wp\/v2\/posts\/28157","targetHints":{"allow":["GET"]}}],"collection":[{"href":"https:\/\/plsn.eu\/de\/wp-json\/wp\/v2\/posts"}],"about":[{"href":"https:\/\/plsn.eu\/de\/wp-json\/wp\/v2\/types\/post"}],"author":[{"embeddable":true,"href":"https:\/\/plsn.eu\/de\/wp-json\/wp\/v2\/users\/20"}],"replies":[{"embeddable":true,"href":"https:\/\/plsn.eu\/de\/wp-json\/wp\/v2\/comments?post=28157"}],"version-history":[{"count":1,"href":"https:\/\/plsn.eu\/de\/wp-json\/wp\/v2\/posts\/28157\/revisions"}],"predecessor-version":[{"id":28158,"href":"https:\/\/plsn.eu\/de\/wp-json\/wp\/v2\/posts\/28157\/revisions\/28158"}],"wp:attachment":[{"href":"https:\/\/plsn.eu\/de\/wp-json\/wp\/v2\/media?parent=28157"}],"wp:term":[{"taxonomy":"category","embeddable":true,"href":"https:\/\/plsn.eu\/de\/wp-json\/wp\/v2\/categories?post=28157"},{"taxonomy":"post_tag","embeddable":true,"href":"https:\/\/plsn.eu\/de\/wp-json\/wp\/v2\/tags?post=28157"}],"curies":[{"name":"wp","href":"https:\/\/api.w.org\/{rel}","templated":true}]}}