{"id":35019,"date":"2025-03-17T09:00:00","date_gmt":"2025-03-17T08:00:00","guid":{"rendered":"https:\/\/plsn.eu\/?p=35019"},"modified":"2025-12-03T08:03:18","modified_gmt":"2025-12-03T07:03:18","slug":"3-sekretariaty-2-kraje-1-cel","status":"publish","type":"post","link":"https:\/\/plsn.eu\/de\/3-sekretariaty-2-kraje-1-cel\/","title":{"rendered":"3 Sekretariate 2 L\u00e4nder 1 Ziel! Teil 1: GIP &#8211; Grenzinformationspunkte"},"content":{"rendered":"\n<h2 class=\"wp-block-heading\"><strong>Im Rahmen einer gemeisamen Aktion aller drei deutsch &#8211; polnischen Interreg-Programme stellen wir Ihnen Projekte von \u00fcbergreifender Bedeutung vor.  Wir freuen und sehr auf diese Zusammenarbeit, die unsere F\u00f6rderegionen der Neisse und Oder entlang verbindet! Wir beginnen  mit dem Projekt &#8222;<strong>Grenzinformationspunkten<\/strong>&#8220; des Kooperationsprogramms Interreg VI A Brandenburg &#8211; Polen 2021-2027.<\/strong><\/h2>\n\n\n\n<p><\/p>\n\n\n\n<p>Projektbezeichnung:<br><strong>GIP &#8211; Vorbereitung und Umsetzung des Systems von Grenzinformationspunkten entlang der deutsch-polnischen Grenze<\/strong><\/p>\n\n\n\n<p>Programm:<br><strong>Interreg VI A Brandenburg &#8211; Polen<\/strong><br><br>Leadpartner: <br><strong>@Euroregion Spree-Neisse-Bober e.V.<\/strong><br><br>Projektpartner: <br><strong>Stowarzyszenie Gmin RP Euroregion \u201eSprewa-Nysa-B\u00f3br\u201d <br>Euroregion Pro Europa Viadrina \u2013 Mittlere Oder e.V. <br>Stowarzyszenia Gmin Polskich Euroregionu &#8222;Pro Europa Viadrina\u201c <br>Europa-Universit\u00e4t Viadrina<\/strong><\/p>\n\n\n\n<p><\/p>\n\n\n\n<p>Assoziierte partner:<br><strong>Euregio Rhein-Waal Kommunalgemeinschaft <br>Europaregion Pomerania e.V. <br>Euroregion Neisse <br>Stowarzyszenie Gmin Polskich Euroregionu Pomerania <\/strong><br><strong>Euroregion Nysa<\/strong><\/p>\n\n\n\n<p><br>F\u00f6rderf\u00e4higes Gesamtbudget: <br><strong>1 207 084,40 EUR<\/strong><\/p>\n\n\n\n<p><\/p>\n\n\n\n<p>F\u00f6rderbetrag (EFRE):<br><strong>965.667,49 EUR<\/strong><\/p>\n\n\n\n<p>Durchf\u00fchrungszeitraum: <br><strong>od 01.04.2024 do 31.03.2027<\/strong><br><\/p>\n\n\n\n<p>Hauptziel des Projektes:<br>Das Hauptziel des Projekts ist der Aufbau eines gemeinsamen operativen Netzwerks zur Einrichtung und zum Betrieb von Grenzinformationspunkten (GIP) im F\u00f6rdergebiet des Interreg VI A Programms Brandenburg-Polen. Die Grenzinformationspunkte werden Informationen, pers\u00f6nliche Beratung und Betreuung, zu Fragen des grenz\u00fcberschreitenden Lebens und Handelns, anbieten. Sie werden sie in einem koordinierten Netzwerk als Zentren in unterschiedlicher Tr\u00e4gerschaft unter einer gemeinsamen Marke arbeiten. Dieser Ansatz soll zus\u00e4tzliche Entwicklungspotenziale f\u00fcr das Programmgebiet und benachbarte Programmgebiete schaffen.<\/p>\n\n\n\n<p><\/p>\n\n\n\n<p>Wichtigsten Ma\u00dfnahmen des Projektes:<br>\u2022 Entwicklung einer grenz\u00fcbergreifenden Strategie f\u00fcr den Betrieb von GIP in Brandenburg und der Woiwodschaft Lubuskie unter Ber\u00fccksichtigung \u00e4hnlich funktionierender Punkte in benachbarten Regionen<\/p>\n\n\n\n<p>\u2022 Schaffung eines operativen Netzwerks f\u00fcr die Einrichtung und den Betrieb von Grenzinformationsstellen (BIP),<\/p>\n\n\n\n<p>\u2022 Schaffung eines koordinierten Netzes und einer gemeinsamen GIP-Marke,<\/p>\n\n\n\n<p>\u2022 Entwicklung und Betrieb eines zentralisierten digitalen zweisprachigen Portals,<\/p>\n\n\n\n<p>\u2022 Entwicklung eines Front-Office- und Back-Office-Systems<\/p>\n\n\n\n<p><\/p>\n\n\n\n<p>Durchf\u00fchrungsstand:<br>\u2022 Treffen der Projektarbeitsgruppen und Einrichtung von 3 thematischen Arbeitsgruppen (PL-DE Informationsportal, Netzwerk und Aus-\/Weiterbildung),<br>\u2022 Durchf\u00fchrung des deutsch-polnischen Informationstages als \u201ePilotma\u00dfnahme\u201c f\u00fcr die praktische Integration des zuk\u00fcnftigen Netzwerkes<br>\u2022 Teilnahme der Projektvertreter an der Sitzung des Ausschusses f\u00fcr grenz\u00fcberschreitende Zusammenarbeit der deutsch-polnischen Regierungskommission am 19. M\u00e4rz 2024 in G\u00f6rlitz,<br>\u2022 Workshop zum Thema \u201eGrenz\u00fcberschreitende Zusammenarbeit mit Polen\u201c unter Leitung des \u201eKoordinators f\u00fcr deutsch-polnische soziale und grenz\u00fcberschreitende Zusammenarbeit\u201c, Dietmar Nietan, am 7. Juni 2024 in Berlin<br>\u2022 Teilnahme von Projektvertretern an einem Treffen auf h\u00f6chster Ebene der Oder-Partnerschaft am 12. Juni 2024 in Berlin.<br>\u2022 Workshop zur Initiierung des Aufbaus eines operativen Netzwerks mit 22 Partnern &#8211; Institutionen, die Beratung und Information im nationalen Kontext anbieten und sich mit grenz\u00fcberschreitenden Konstellationen befassen<br>\u2022 Zeitgleiche Arbeit an der Entwicklung des digitalen Portals und Auswahl des GIP-Logos<br>\u2022 Studienreise nach Kleve zur Euregio Rhein-Waal (u.a. Teilnahme an einer \u201egro\u00dfen Beratung f\u00fcr Grenzg\u00e4nger\u201c). Der Schwerpunkt lag sowohl auf der Schulung zur Abfrageanalyse in der aktiven grenz\u00fcberschreitenden Beratung als auch auf der Beratung zur technischen Infrastruktur der GPI.<\/p>\n\n\n\n<p><\/p>\n\n\n\n<p><strong>Programm\u00fcbergreifende Bedeutung:<br>Durch die Zusammenarbeit der Projektpartner werden zus\u00e4tzliche Entwicklungspotenziale f\u00fcr das INTERREG-Programmgebiet Brandenburg &#8211; Polen geschaffen. Durch die Einbeziehung der assoziierten Partner wird ein Impuls f\u00fcr die Weiterentwicklung und f\u00fcr den programm\u00fcbergreifenden Ausbau des Netzes von \u00e4hnlicher Beratungspunkte. Somit k\u00f6nnten Dienstleistungen dieser Art entlang der gesamten deutsch-polnischen Grenze verf\u00fcgbar werden.<\/strong><\/p>\n\n\n\n<p><\/p>\n\n\n\n<p>Mehr Informationen finden Sie hier: <br><a href=\"https:\/\/euroregion-snb.de\/gip\" rel=\"nofollow noopener\" target=\"_blank\">https:\/\/euroregion-snb.de\/gip<\/a><br><a href=\"https:\/\/interreg-brandenburg-polska.eu\/\" rel=\"nofollow noopener\" target=\"_blank\">https:\/\/interreg-brandenburg-polska.eu\/<\/a><br><\/p>\n\n\n\n<p><\/p>\n\n\n\n<figure class=\"wp-block-gallery has-nested-images columns-default is-cropped wp-block-gallery-1 is-layout-flex wp-block-gallery-is-layout-flex\">\n<figure class=\"wp-block-image size-large\"><img loading=\"lazy\" decoding=\"async\" width=\"940\" height=\"788\" data-id=\"35013\" src=\"https:\/\/plsn.eu\/wp-content\/uploads\/2025\/03\/wspolna-akcja-projekty-strategiczne-grafika.png\" alt=\"\" class=\"wp-image-35013\" srcset=\"https:\/\/plsn.eu\/wp-content\/uploads\/2025\/03\/wspolna-akcja-projekty-strategiczne-grafika.png 940w, https:\/\/plsn.eu\/wp-content\/uploads\/2025\/03\/wspolna-akcja-projekty-strategiczne-grafika-300x251.png 300w, https:\/\/plsn.eu\/wp-content\/uploads\/2025\/03\/wspolna-akcja-projekty-strategiczne-grafika-768x644.png 768w\" sizes=\"auto, (max-width: 940px) 100vw, 940px\" \/><\/figure>\n\n\n\n<figure class=\"wp-block-image size-large\"><img loading=\"lazy\" decoding=\"async\" width=\"1024\" height=\"646\" data-id=\"35012\" src=\"https:\/\/plsn.eu\/wp-content\/uploads\/2025\/03\/GIP-zdjecie-z-projektu-1024x646.jpg\" alt=\"\" class=\"wp-image-35012\" srcset=\"https:\/\/plsn.eu\/wp-content\/uploads\/2025\/03\/GIP-zdjecie-z-projektu-1024x646.jpg 1024w, https:\/\/plsn.eu\/wp-content\/uploads\/2025\/03\/GIP-zdjecie-z-projektu-300x189.jpg 300w, https:\/\/plsn.eu\/wp-content\/uploads\/2025\/03\/GIP-zdjecie-z-projektu-768x485.jpg 768w, https:\/\/plsn.eu\/wp-content\/uploads\/2025\/03\/GIP-zdjecie-z-projektu-1536x969.jpg 1536w, https:\/\/plsn.eu\/wp-content\/uploads\/2025\/03\/GIP-zdjecie-z-projektu.jpg 2048w\" sizes=\"auto, (max-width: 1024px) 100vw, 1024px\" \/><\/figure>\n\n\n\n<figure class=\"wp-block-image size-large\"><img loading=\"lazy\" decoding=\"async\" width=\"1024\" height=\"633\" data-id=\"35011\" src=\"https:\/\/plsn.eu\/wp-content\/uploads\/2025\/03\/GIP-grafika-1024x633.png\" alt=\"\" class=\"wp-image-35011\" srcset=\"https:\/\/plsn.eu\/wp-content\/uploads\/2025\/03\/GIP-grafika-1024x633.png 1024w, https:\/\/plsn.eu\/wp-content\/uploads\/2025\/03\/GIP-grafika-300x185.png 300w, https:\/\/plsn.eu\/wp-content\/uploads\/2025\/03\/GIP-grafika-768x475.png 768w, https:\/\/plsn.eu\/wp-content\/uploads\/2025\/03\/GIP-grafika.png 1118w\" sizes=\"auto, (max-width: 1024px) 100vw, 1024px\" \/><\/figure>\n<\/figure>\n","protected":false},"excerpt":{"rendered":"<p>Im Rahmen einer gemeisamen Aktion aller drei deutsch &#8211; polnischen Interreg-Programme stellen wir Ihnen Projekte von \u00fcbergreifender Bedeutung vor. Wir freuen und sehr auf diese Zusammenarbeit, die unsere F\u00f6rderegionen der Neisse und Oder entlang verbindet! Wir beginnen mit dem Projekt &#8222;Grenzinformationspunkten&#8220; des Kooperationsprogramms Interreg VI A Brandenburg &#8211; Polen 2021-2027. Projektbezeichnung:GIP &#8211; Vorbereitung und Umsetzung [&hellip;]<\/p>\n","protected":false},"author":22,"featured_media":35012,"comment_status":"closed","ping_status":"open","sticky":false,"template":"","format":"standard","meta":{"_acf_changed":false,"inline_featured_image":false,"_themeisle_gutenberg_block_has_review":false,"footnotes":"","_links_to":"","_links_to_target":""},"categories":[1555],"tags":[],"class_list":["post-35019","post","type-post","status-publish","format-standard","has-post-thumbnail","hentry","category-aktuelles"],"acf":[],"_links":{"self":[{"href":"https:\/\/plsn.eu\/de\/wp-json\/wp\/v2\/posts\/35019","targetHints":{"allow":["GET"]}}],"collection":[{"href":"https:\/\/plsn.eu\/de\/wp-json\/wp\/v2\/posts"}],"about":[{"href":"https:\/\/plsn.eu\/de\/wp-json\/wp\/v2\/types\/post"}],"author":[{"embeddable":true,"href":"https:\/\/plsn.eu\/de\/wp-json\/wp\/v2\/users\/22"}],"replies":[{"embeddable":true,"href":"https:\/\/plsn.eu\/de\/wp-json\/wp\/v2\/comments?post=35019"}],"version-history":[{"count":16,"href":"https:\/\/plsn.eu\/de\/wp-json\/wp\/v2\/posts\/35019\/revisions"}],"predecessor-version":[{"id":38638,"href":"https:\/\/plsn.eu\/de\/wp-json\/wp\/v2\/posts\/35019\/revisions\/38638"}],"wp:featuredmedia":[{"embeddable":true,"href":"https:\/\/plsn.eu\/de\/wp-json\/wp\/v2\/media\/35012"}],"wp:attachment":[{"href":"https:\/\/plsn.eu\/de\/wp-json\/wp\/v2\/media?parent=35019"}],"wp:term":[{"taxonomy":"category","embeddable":true,"href":"https:\/\/plsn.eu\/de\/wp-json\/wp\/v2\/categories?post=35019"},{"taxonomy":"post_tag","embeddable":true,"href":"https:\/\/plsn.eu\/de\/wp-json\/wp\/v2\/tags?post=35019"}],"curies":[{"name":"wp","href":"https:\/\/api.w.org\/{rel}","templated":true}]}}