{"id":35759,"date":"2025-04-16T18:19:31","date_gmt":"2025-04-16T16:19:31","guid":{"rendered":"https:\/\/plsn.eu\/?p=35759"},"modified":"2025-04-16T18:32:01","modified_gmt":"2025-04-16T16:32:01","slug":"8-sitzung-des-begleitausschusses-am-15-04-2025","status":"publish","type":"post","link":"https:\/\/plsn.eu\/de\/8-sitzung-des-begleitausschusses-am-15-04-2025\/","title":{"rendered":"8. Sitzung des Begleitausschusses am 15.04.2025"},"content":{"rendered":"\n<p><\/p>\n\n\n\n<p>Wir freuen uns&nbsp;Ihnen mitteilen zu d\u00fcrfen, dass der Begleitausschuss des Kooperationsprogramms Interreg Polen &#8211;&nbsp;Sachsen 2021-2027 am 15. April 2025 w\u00e4hrend der 8. Sitzung die weiteren&nbsp;2 Projekte zur F\u00f6rderung best\u00e4tigte.&nbsp;<\/p>\n\n\n\n<p>Im Priorit\u00e4t II:&nbsp;Ein lebenswerter Grenzraum \u2013 Bildung, Kultur und Tourismus<br>Spezifisches Ziel 2.2: St\u00e4rkung der Rolle, die Kultur und nachhaltiger Tourismus f\u00fcr die Wirtschaftsentwicklung, die soziale Inklusion und die soziale Innovation spielen:<\/p>\n\n\n\n<p><a><strong><em>Deutsch-polnischer Architekturpfad. Akronym: Architekt<\/em><\/strong><\/a> <strong><em>(PLSN.02.02-IP.01-0001\/24)<\/em><\/strong><\/p>\n\n\n\n<p>Beantragte EFRE-F\u00f6rderung 2 357 285,58 Euro <a><\/a><a>vorbehaltlich der \u00c4nderungen, die aus den Auflagen, Empfehlungen und technischen Korrekturen resultieren.<\/a><\/p>\n\n\n\n<p><strong><em>Nachhaltige Entwicklung des Tourismus und F\u00f6rderung der Region des Muskauer Parks und des UNESCO Global Geoparks Muskauer Faltenbogen (PLSN.02.02-IP.01-0002\/25)<\/em><\/strong><\/p>\n\n\n\n<p>Beantragte EFRE-F\u00f6rderung 1 492 922,19 Euro vorbehaltlich der \u00c4nderungen, die aus den Auflagen, Empfehlungen und technischen Korrekturen resultieren.<\/p>\n\n\n\n<p><\/p>\n\n\n\n<p>Die Zusammenstellung der durch den Begleitausschuss best\u00e4tigten Projekte finden Sie hier: <br><a href=\"https:\/\/plsn.eu\/wp-content\/uploads\/2025\/04\/Zusammenstellung-der-durch-BA-bestatigten-Projekte-15.04.2025.pdf\">https:\/\/plsn.eu\/wp-content\/uploads\/2025\/04\/Zusammenstellung-der-durch-BA-bestatigten-Projekte-15.04.2025.pdf<\/a><\/p>\n\n\n\n<p><br>Die Auflistung der Projekte, die abgelehnt wurden, finden Sie hier: <a href=\"https:\/\/plsn.eu\/wp-content\/uploads\/2025\/04\/Zusammenstellung-der-durch-BA-nicht-bestatigten-Projekte-15.04.2025.pdf\">https:\/\/plsn.eu\/wp-content\/uploads\/2025\/04\/Zusammenstellung-der-durch-BA-nicht-bestatigten-Projekte-15.04.2025.pdf<\/a><\/p>\n\n\n\n<p><\/p>\n\n\n\n<p>F\u00fcr eine konstruktive Zusammenarbeit w\u00e4hrend der Sitzung m\u00f6chten wir uns bei allen BA-Mitgliedern und G\u00e4sten recht herzlich bedanken. <\/p>\n\n\n\n<p>Herzlichen Gl\u00fcckwunsch an unsere Antragsteller!<\/p>\n\n\n\n<div class=\"wp-block-file\"><a id=\"wp-block-file--media-19408f45-df62-44f2-a594-9b884d49390d\" href=\"https:\/\/plsn.eu\/wp-content\/uploads\/2025\/04\/Zusammenstellung-der-durch-BA-bestaetigten-Projekte-15.04.2025.pdf\" target=\"_blank\" rel=\"noreferrer noopener\">Zusammenstellung der durch BA best\u00e4tigten Projekte 15.04.2025<\/a><a href=\"https:\/\/plsn.eu\/wp-content\/uploads\/2025\/04\/Zusammenstellung-der-durch-BA-bestaetigten-Projekte-15.04.2025.pdf\" class=\"wp-block-file__button wp-element-button\" download aria-describedby=\"wp-block-file--media-19408f45-df62-44f2-a594-9b884d49390d\">Pobierz<\/a><\/div>\n\n\n\n<div class=\"wp-block-file\"><a id=\"wp-block-file--media-2fec19cb-990e-40d8-8900-0b53c911be59\" href=\"https:\/\/plsn.eu\/wp-content\/uploads\/2025\/04\/Zusammenstellung-der-durch-BA-nicht-bestaetigten-Projekte-15.04.2025.pdf\" target=\"_blank\" rel=\"noreferrer noopener\">Zusammenstellung der durch BA nicht best\u00e4tigten Projekte 15.04.2025<\/a><a href=\"https:\/\/plsn.eu\/wp-content\/uploads\/2025\/04\/Zusammenstellung-der-durch-BA-nicht-bestaetigten-Projekte-15.04.2025.pdf\" class=\"wp-block-file__button wp-element-button\" download aria-describedby=\"wp-block-file--media-2fec19cb-990e-40d8-8900-0b53c911be59\">Pobierz<\/a><\/div>\n","protected":false},"excerpt":{"rendered":"<p>Wir freuen uns&nbsp;Ihnen mitteilen zu d\u00fcrfen, dass der Begleitausschuss des Kooperationsprogramms Interreg Polen &#8211;&nbsp;Sachsen 2021-2027 am 15. April 2025 w\u00e4hrend der 8. Sitzung die weiteren&nbsp;2 Projekte zur F\u00f6rderung best\u00e4tigte.&nbsp; Im Priorit\u00e4t II:&nbsp;Ein lebenswerter Grenzraum \u2013 Bildung, Kultur und TourismusSpezifisches Ziel 2.2: St\u00e4rkung der Rolle, die Kultur und nachhaltiger Tourismus f\u00fcr die Wirtschaftsentwicklung, die soziale Inklusion [&hellip;]<\/p>\n","protected":false},"author":22,"featured_media":35754,"comment_status":"closed","ping_status":"open","sticky":false,"template":"","format":"standard","meta":{"_acf_changed":false,"inline_featured_image":false,"_themeisle_gutenberg_block_has_review":false,"footnotes":"","_links_to":"","_links_to_target":""},"categories":[1555,3],"tags":[],"class_list":["post-35759","post","type-post","status-publish","format-standard","has-post-thumbnail","hentry","category-aktuelles","category-aktualnosci"],"acf":[],"_links":{"self":[{"href":"https:\/\/plsn.eu\/de\/wp-json\/wp\/v2\/posts\/35759","targetHints":{"allow":["GET"]}}],"collection":[{"href":"https:\/\/plsn.eu\/de\/wp-json\/wp\/v2\/posts"}],"about":[{"href":"https:\/\/plsn.eu\/de\/wp-json\/wp\/v2\/types\/post"}],"author":[{"embeddable":true,"href":"https:\/\/plsn.eu\/de\/wp-json\/wp\/v2\/users\/22"}],"replies":[{"embeddable":true,"href":"https:\/\/plsn.eu\/de\/wp-json\/wp\/v2\/comments?post=35759"}],"version-history":[{"count":6,"href":"https:\/\/plsn.eu\/de\/wp-json\/wp\/v2\/posts\/35759\/revisions"}],"predecessor-version":[{"id":35767,"href":"https:\/\/plsn.eu\/de\/wp-json\/wp\/v2\/posts\/35759\/revisions\/35767"}],"wp:featuredmedia":[{"embeddable":true,"href":"https:\/\/plsn.eu\/de\/wp-json\/wp\/v2\/media\/35754"}],"wp:attachment":[{"href":"https:\/\/plsn.eu\/de\/wp-json\/wp\/v2\/media?parent=35759"}],"wp:term":[{"taxonomy":"category","embeddable":true,"href":"https:\/\/plsn.eu\/de\/wp-json\/wp\/v2\/categories?post=35759"},{"taxonomy":"post_tag","embeddable":true,"href":"https:\/\/plsn.eu\/de\/wp-json\/wp\/v2\/tags?post=35759"}],"curies":[{"name":"wp","href":"https:\/\/api.w.org\/{rel}","templated":true}]}}