{"id":35832,"date":"2025-04-17T14:49:59","date_gmt":"2025-04-17T12:49:59","guid":{"rendered":"https:\/\/plsn.eu\/?p=35832"},"modified":"2025-04-18T14:59:15","modified_gmt":"2025-04-18T12:59:15","slug":"konferenz-des-programms-interreg-central-europe-from-results-to-impact-cooperation-takes-synergies-forward","status":"publish","type":"post","link":"https:\/\/plsn.eu\/de\/konferenz-des-programms-interreg-central-europe-from-results-to-impact-cooperation-takes-synergies-forward\/","title":{"rendered":"Konferenz des Programms Interreg CENTRAL EUROPE \u201eFrom Results to Impact: Cooperation Takes Synergies Forward\u201d"},"content":{"rendered":"\n<p><br><strong>Am 27. Mai 2025 findet in Wien (und teilweise online) die Konferenz \u201eFrom Results to Impact:<br>Cooperation Takes Synergies Forward\u201c<\/strong> statt, auf der neue Finanzierungsm\u00f6glichkeiten zur St\u00e4rkung<br>der Wirkung von Interreg in ganz Mitteleuropa vorgestellt werden. <\/p>\n\n\n\n<p>Die Einladung richtet sich insbesondere an Projekte, die aus Programmen der grenz\u00fcberschreitenden Zusammenarbeit finanziert werden. Als Projekttr\u00e4ger erhalten Sie somit die M\u00f6glichkeit, am Erfahrungsaustausch, der Vernetzung und der Entwicklung neuer Projektideen teilzunehmen.<br><\/p>\n\n\n\n<p>Die Vormittagssitzung (einschlie\u00dflich der Pr\u00e4sentation des strategischen Calls) wird online \u00fcber<br>die Interreg CENTRAL EUROPE-Plattform \u00fcbertragen, um Partner zu finden, Ideen auszutauschen<br>und langfristige Kontakte aufzubauen.<\/p>\n\n\n\n<p>In neun thematischen Workshops, die am Nachmittag stattfinden (nur station\u00e4r), erhalten die<br>Teilnehmenden die M\u00f6glichkeit:<\/p>\n\n\n\n<ul class=\"wp-block-list\">\n<li>die Ergebnisse ihrer Projekte zu pr\u00e4sentieren,<\/li>\n\n\n\n<li>M\u00f6glichkeiten f\u00fcr Synergien und Komplementarit\u00e4ten von Projektma\u00dfnahmen zu entdecken,<\/li>\n\n\n\n<li>sich auf das bevorstehende strategische Call zur Einreichung von Projektantr\u00e4gen vorzubereiten,<br>die Ma\u00dfnahmen zur Kapitalisierung der Projektergebnisse beinhalten.<\/li>\n<\/ul>\n\n\n\n<p><\/p>\n\n\n\n<p>Die Konferenzsprache ist <strong>Englisch<\/strong>.<br><br>Wir laden Sie herzlich zur Anmeldung und Teilnahme an der Konferenz ein!<br><\/p>\n\n\n\n<p>Mehr Informationen finden Sie hier:<br>Ansicht des strategischen Calls zur Kapitalisierung der Projektma\u00dfnahmen: <a href=\"https:\/\/www.interreg-central.eu\/capitalisation-call-preview\/\" rel=\"nofollow noopener\" target=\"_blank\">https:\/\/www.interreg-central.eu\/capitalisation-call-preview\/<\/a><\/p>\n\n\n\n<p>Aktuelles zum Call:<br><a href=\"https:\/\/www.interreg-central.eu\/news\/call-preview-strategic-call-for-capitalisation\/\" rel=\"nofollow noopener\" target=\"_blank\">https:\/\/www.interreg-central.eu\/news\/call-preview-strategic-call-for-capitalisation\/<\/a><\/p>\n\n\n\n<p>Aktuelles zur Konferenz:<br><a href=\"https:\/\/www.interreg-central.eu\/event\/save-the-date-programme-conference\/\" rel=\"nofollow noopener\" target=\"_blank\">https:\/\/www.interreg-central.eu\/event\/save-the-date-programme-conference\/<\/a><\/p>\n\n\n\n<p><strong>Konferenzanmeldung:<br><a href=\"https:\/\/ec.europa.eu\/eusurvey\/runner\/interregceconference2025\" rel=\"nofollow noopener\" target=\"_blank\">https:\/\/ec.europa.eu\/eusurvey\/runner\/interregceconference2025<\/a><\/strong><\/p>\n\n\n\n<p>Livestreaming:<br><a href=\"https:\/\/community.interreg-central.eu\/agenda\" rel=\"nofollow noopener\" target=\"_blank\">https:\/\/community.interreg-central.eu\/agenda<\/a><\/p>\n\n\n\n<p>Plattform der Antragstellergemeinschaft:<br><a href=\"https:\/\/community.interreg-central.eu\/\" rel=\"nofollow noopener\" target=\"_blank\">https:\/\/community.interreg-central.eu\/<\/a><\/p>\n\n\n\n<p><\/p>\n\n\n\n<p>Konferenzprogramm:<\/p>\n\n\n\n<div data-wp-interactive=\"core\/file\" class=\"wp-block-file\"><object data-wp-bind--hidden=\"!state.hasPdfPreview\" hidden class=\"wp-block-file__embed\" data=\"https:\/\/plsn.eu\/wp-content\/uploads\/2025\/04\/Interreg-CE-Conference_2025_Agenda-2.pdf\" type=\"application\/pdf\" style=\"width:100%;height:600px\" aria-label=\"Einbettung von Interreg CE Conference_2025_Agenda.\"><\/object><a id=\"wp-block-file--media-27f0fe03-855c-4e84-8e9c-906d2c044d9c\" href=\"https:\/\/plsn.eu\/wp-content\/uploads\/2025\/04\/Interreg-CE-Conference_2025_Agenda-2.pdf\">Interreg CE Conference_2025_Agenda<\/a><a href=\"https:\/\/plsn.eu\/wp-content\/uploads\/2025\/04\/Interreg-CE-Conference_2025_Agenda-2.pdf\" class=\"wp-block-file__button wp-element-button\" aria-describedby=\"wp-block-file--media-27f0fe03-855c-4e84-8e9c-906d2c044d9c\" download>Pobierz<\/a><\/div>\n","protected":false},"excerpt":{"rendered":"<p>Am 27. Mai 2025 findet in Wien (und teilweise online) die Konferenz \u201eFrom Results to Impact:Cooperation Takes Synergies Forward\u201c statt, auf der neue Finanzierungsm\u00f6glichkeiten zur St\u00e4rkungder Wirkung von Interreg in ganz Mitteleuropa vorgestellt werden. Die Einladung richtet sich insbesondere an Projekte, die aus Programmen der grenz\u00fcberschreitenden Zusammenarbeit finanziert werden. Als Projekttr\u00e4ger erhalten Sie somit die [&hellip;]<\/p>\n","protected":false},"author":22,"featured_media":35831,"comment_status":"closed","ping_status":"open","sticky":false,"template":"","format":"standard","meta":{"_acf_changed":false,"inline_featured_image":false,"_themeisle_gutenberg_block_has_review":false,"footnotes":"","_links_to":"","_links_to_target":""},"categories":[1555,3],"tags":[],"class_list":["post-35832","post","type-post","status-publish","format-standard","has-post-thumbnail","hentry","category-aktuelles","category-aktualnosci"],"acf":[],"_links":{"self":[{"href":"https:\/\/plsn.eu\/de\/wp-json\/wp\/v2\/posts\/35832","targetHints":{"allow":["GET"]}}],"collection":[{"href":"https:\/\/plsn.eu\/de\/wp-json\/wp\/v2\/posts"}],"about":[{"href":"https:\/\/plsn.eu\/de\/wp-json\/wp\/v2\/types\/post"}],"author":[{"embeddable":true,"href":"https:\/\/plsn.eu\/de\/wp-json\/wp\/v2\/users\/22"}],"replies":[{"embeddable":true,"href":"https:\/\/plsn.eu\/de\/wp-json\/wp\/v2\/comments?post=35832"}],"version-history":[{"count":9,"href":"https:\/\/plsn.eu\/de\/wp-json\/wp\/v2\/posts\/35832\/revisions"}],"predecessor-version":[{"id":35842,"href":"https:\/\/plsn.eu\/de\/wp-json\/wp\/v2\/posts\/35832\/revisions\/35842"}],"wp:featuredmedia":[{"embeddable":true,"href":"https:\/\/plsn.eu\/de\/wp-json\/wp\/v2\/media\/35831"}],"wp:attachment":[{"href":"https:\/\/plsn.eu\/de\/wp-json\/wp\/v2\/media?parent=35832"}],"wp:term":[{"taxonomy":"category","embeddable":true,"href":"https:\/\/plsn.eu\/de\/wp-json\/wp\/v2\/categories?post=35832"},{"taxonomy":"post_tag","embeddable":true,"href":"https:\/\/plsn.eu\/de\/wp-json\/wp\/v2\/tags?post=35832"}],"curies":[{"name":"wp","href":"https:\/\/api.w.org\/{rel}","templated":true}]}}