{"id":36328,"date":"2025-05-27T07:34:00","date_gmt":"2025-05-27T05:34:00","guid":{"rendered":"https:\/\/plsn.eu\/?p=36328"},"modified":"2025-06-02T10:14:58","modified_gmt":"2025-06-02T08:14:58","slug":"feierliche-eroeffnungskonferenz-des-strategischen-projekts-smartent","status":"publish","type":"post","link":"https:\/\/plsn.eu\/de\/feierliche-eroeffnungskonferenz-des-strategischen-projekts-smartent\/","title":{"rendered":"Feierliche Er\u00f6ffnungskonferenz des strategischen Projekts SmartENT"},"content":{"rendered":"\n<p><\/p>\n\n\n\n<p>Ein unserer strategischen Projekte startet bereits!<\/p>\n\n\n\n<p><\/p>\n\n\n\n<p>Mit gro\u00dfer Freude m\u00f6chten wir Ihnen mitteilen, dass am 2. Juni 2025 das Projekt <strong>smartENT &#8211; Entwicklung des Euro-Nei\u00dfe-Tickets und M\u00f6glichkeiten der \u00d6PNV-Integration im s\u00e4chsisch-niederschlesischen Verflechtungsraum<\/strong> mit einer feierlichen Konferenz offiziell er\u00f6ffnet wird. Die Veranstaltung findet in Villa Toro in Zgorzelec statt. <\/p>\n\n\n\n<p><\/p>\n\n\n\n<p>F\u00fcr smartENT wird die <br><a href=\"https:\/\/www.zvon.de\/de\/\" rel=\"nofollow noopener\" target=\"_blank\">VON GmbH (die 100%-ige Tochter-GmbH des ZVON)<\/a> in leitender Funktion, gemeinsam mit den polnischen Projektpartnern: <br><a href=\"https:\/\/kolejedolnoslaskie.pl\/\" rel=\"nofollow noopener\" target=\"_blank\">Koleje Dolno\u015bl\u0105skie S.A. (KD)<\/a> <br>und <a href=\"https:\/\/www.irt.wroc.pl\/\" rel=\"nofollow noopener\" target=\"_blank\">Instytut Rozwoju Terytorialnego (IRT)<\/a>, <br>das Angebot des EURO-NEISSE-Tickets+ (kurz ENT+) ausbauen und die Rahmenbedingungen, zum Beispiel beim Online-Ticketing, weiter optimieren. <\/p>\n\n\n\n<p>Das Projekt hat ein Gesamtfinanzvolumen von 946.000 Euro, 189.000 Euro kommen von der VON GmbH.<\/p>\n\n\n\n<p><\/p>\n\n\n\n<p><strong>Viel Gl\u00fcck, smartENT!<\/strong> \ud83d\ude42<\/p>\n\n\n\n<p><\/p>\n\n\n\n<p>Weitere Informationen auf der Projektseite: <strong><a href=\"https:\/\/www.zvon.de\/de\/smartent\" rel=\"nofollow noopener\" target=\"_blank\">https:\/\/www.zvon.de\/de\/smartent<\/a><\/strong><\/p>\n\n\n\n<p><\/p>\n\n\n\n<figure class=\"wp-block-image size-large\"><img loading=\"lazy\" decoding=\"async\" width=\"1024\" height=\"199\" src=\"https:\/\/plsn.eu\/wp-content\/uploads\/2025\/05\/Logo_Interreg-smartENT_logo-1024x199.webp\" alt=\"\" class=\"wp-image-36322\" srcset=\"https:\/\/plsn.eu\/wp-content\/uploads\/2025\/05\/Logo_Interreg-smartENT_logo-1024x199.webp 1024w, https:\/\/plsn.eu\/wp-content\/uploads\/2025\/05\/Logo_Interreg-smartENT_logo-300x58.webp 300w, https:\/\/plsn.eu\/wp-content\/uploads\/2025\/05\/Logo_Interreg-smartENT_logo-768x149.webp 768w, https:\/\/plsn.eu\/wp-content\/uploads\/2025\/05\/Logo_Interreg-smartENT_logo.webp 1367w\" sizes=\"auto, (max-width: 1024px) 100vw, 1024px\" \/><\/figure>\n\n\n\n<p><\/p>\n","protected":false},"excerpt":{"rendered":"<p>Ein unserer strategischen Projekte startet bereits! Mit gro\u00dfer Freude m\u00f6chten wir Ihnen mitteilen, dass am 2. Juni 2025 das Projekt smartENT &#8211; Entwicklung des Euro-Nei\u00dfe-Tickets und M\u00f6glichkeiten der \u00d6PNV-Integration im s\u00e4chsisch-niederschlesischen Verflechtungsraum mit einer feierlichen Konferenz offiziell er\u00f6ffnet wird. Die Veranstaltung findet in Villa Toro in Zgorzelec statt. F\u00fcr smartENT wird die VON GmbH (die [&hellip;]<\/p>\n","protected":false},"author":22,"featured_media":36350,"comment_status":"closed","ping_status":"open","sticky":false,"template":"","format":"standard","meta":{"_acf_changed":false,"inline_featured_image":false,"_themeisle_gutenberg_block_has_review":false,"footnotes":"","_links_to":"","_links_to_target":""},"categories":[1555,3],"tags":[],"class_list":["post-36328","post","type-post","status-publish","format-standard","has-post-thumbnail","hentry","category-aktuelles","category-aktualnosci"],"acf":[],"_links":{"self":[{"href":"https:\/\/plsn.eu\/de\/wp-json\/wp\/v2\/posts\/36328","targetHints":{"allow":["GET"]}}],"collection":[{"href":"https:\/\/plsn.eu\/de\/wp-json\/wp\/v2\/posts"}],"about":[{"href":"https:\/\/plsn.eu\/de\/wp-json\/wp\/v2\/types\/post"}],"author":[{"embeddable":true,"href":"https:\/\/plsn.eu\/de\/wp-json\/wp\/v2\/users\/22"}],"replies":[{"embeddable":true,"href":"https:\/\/plsn.eu\/de\/wp-json\/wp\/v2\/comments?post=36328"}],"version-history":[{"count":12,"href":"https:\/\/plsn.eu\/de\/wp-json\/wp\/v2\/posts\/36328\/revisions"}],"predecessor-version":[{"id":36351,"href":"https:\/\/plsn.eu\/de\/wp-json\/wp\/v2\/posts\/36328\/revisions\/36351"}],"wp:featuredmedia":[{"embeddable":true,"href":"https:\/\/plsn.eu\/de\/wp-json\/wp\/v2\/media\/36350"}],"wp:attachment":[{"href":"https:\/\/plsn.eu\/de\/wp-json\/wp\/v2\/media?parent=36328"}],"wp:term":[{"taxonomy":"category","embeddable":true,"href":"https:\/\/plsn.eu\/de\/wp-json\/wp\/v2\/categories?post=36328"},{"taxonomy":"post_tag","embeddable":true,"href":"https:\/\/plsn.eu\/de\/wp-json\/wp\/v2\/tags?post=36328"}],"curies":[{"name":"wp","href":"https:\/\/api.w.org\/{rel}","templated":true}]}}