{"id":36675,"date":"2025-06-13T13:41:24","date_gmt":"2025-06-13T11:41:24","guid":{"rendered":"https:\/\/plsn.eu\/?p=36675"},"modified":"2025-12-03T07:56:33","modified_gmt":"2025-12-03T06:56:33","slug":"3-sekretariate-2-laender-1-ziel-2","status":"publish","type":"post","link":"https:\/\/plsn.eu\/de\/3-sekretariate-2-laender-1-ziel-2\/","title":{"rendered":"3 Sekretariate 2 L\u00e4nder 1 Ziel! Teil 3: IBN\/SID Informations- und Beratungszentrum"},"content":{"rendered":"\n<h2 class=\"wp-block-heading\"><strong>Unsere gemeinsame Infokampagne von drei deutsch \u2013 polnischen Interreg \u2013 Programmen in vollem Gange!<\/strong> <\/h2>\n\n\n\n<p>Im dritten Teil des Zyklus zu Vorhaben mit der grenz\u00fcbergreifenden Bedeutung stellen wir Ihnen folgendes Projekt vor:<\/p>\n\n\n\n<p><mark style=\"background-color:rgba(0, 0, 0, 0)\" class=\"has-inline-color has-vivid-cyan-blue-color\"> <strong>IBN\/SID Informations- und Beratungsnetzwerk<\/strong><\/mark><\/p>\n\n\n\n<p><\/p>\n\n\n\n<p>Das Projekt wird im Rahmen des Kooperationsprogramms <strong>Interreg VI A Mecklenburg-Vorpommern \/ Brandenburg \/ Polska 2021-2027 <\/strong>gef\u00f6rdert.<br><br><\/p>\n\n\n\n<p><\/p>\n\n\n\n<p>Die Projektpartner sind: <br>1. LP Kommunalgemeinschaft Europaregion Pomerania e.V.<br>2. Stowarzyszenie Gmin Polskich Euroregionu Pomerania<br>3. STIC Wirtschaftsf\u00f6rdergesellschaft M\u00e4rkisch-Oderland mbH<br>4. Gmina Miasto Koszalin<br>5. Gmina Miasto \u015awinouj\u015bcie<br>6. Ogrody Przelewice \u2013 Zachodniopomorskie Centrum Kultury Obszar\u00f3w Wiejskich i Edukacji Ekologicznej<\/p>\n\n\n\n<p>F\u00f6rderf\u00e4higes Gesamtbudget:<br><strong>5.954.163,35 EUR<\/strong><\/p>\n\n\n\n<p>F\u00f6rderbetrag (EFRE):<br><strong>4.763.330,67 EUR<\/strong><\/p>\n\n\n\n<p>Durchf\u00fchrungszeitraum:<br><strong>01.11.2023 \u2013 31.10.2027<\/strong><\/p>\n\n\n\n<p><\/p>\n\n\n\n<p>Hauptziel des Projekts:<br>Ziel des Projekts ist es, kommunikative, administrative, interkulturelle und juristische Probleme zu l\u00f6sen und Unternehmen, Institutionen und Einwohner bei der \u00dcberwindung grenz\u00fcberschreitender Hindernisse zu unterst\u00fctzen. Ein weiteres Ziel ist die Ausweitung der wirtschaftlichen Zusammenarbeit durch die Nutzung des Entwicklungspotenzials und die Schaffung innovativer Impulse f\u00fcr die lokale Wirtschaft. Erfahrene zweisprachige Mitarbeiter sind in einem Netzwerk von 9 B\u00fcros t\u00e4tig und helfen Ratsuchenden in konkreten Fragen und bieten Informationsveranstaltungen zu grenz\u00fcberschreitenden Themen in der Region an.<\/p>\n\n\n\n<p><\/p>\n\n\n\n<p>Wichtigsten Ma\u00dfnahmen des Projekts:<\/p>\n\n\n\n<ul class=\"wp-block-list\">\n<li>Networking, grenz\u00fcberschreitende Vermittlung von Kontakten und Initiierung von Kooperationen<\/li>\n\n\n\n<li>Organisation und Durchf\u00fchrung von Veranstaltungen und Messebesuchen<\/li>\n\n\n\n<li>Evaluierung<\/li>\n\n\n\n<li>Grenz\u00fcberschreitende Beratung<\/li>\n\n\n\n<li>Thematische Beratungstage<\/li>\n\n\n\n<li>Aufbau eines formellen Netzwerks der Institutionen, die die Grenzbewohner unterst\u00fctzen<\/li>\n\n\n\n<li>Einrichtung eines deutsch-polnischen Treffpunkts f\u00fcr Unternehmer in K\u00fcstrin-Kietz<\/li>\n\n\n\n<li>Breit angelegte Kommunikationsma\u00dfnahmen<\/li>\n<\/ul>\n\n\n\n<p><\/p>\n\n\n\n<p>Was ist bereits Umgesetz?<\/p>\n\n\n\n<ul class=\"wp-block-list\">\n<li><a>Die Auftaktveranstaltung des Projekts fand am 4. Dezember 2023 in der Gesch\u00e4ftsstelle der Kommunalgemeinschaft Pomerania unter Beteiligung aller Projektpartner statt.<\/a><\/li>\n\n\n\n<li>Alle Projektaktivit\u00e4ten werden planm\u00e4\u00dfig umgesetzt, s. Internetauftritt des Projekts: <a href=\"http:\/\/www.ibn-sid.eu\" rel=\"nofollow noopener\" target=\"_blank\">www.ibn-sid.eu<\/a> und Fanpage des Projekts auf Facebook <a href=\"https:\/\/www.facebook.com\/IBNNetzwerk\" rel=\"nofollow noopener\" target=\"_blank\">https:\/\/www.facebook.com\/IBNNetzwerk<\/a><\/li>\n\n\n\n<li>Bis Ende April 2025 wurden \u00fcber 5000 Beratungen durchgef\u00fchrt und fast 2000 Personen haben an verschiedenen Projektveranstaltungen teilgenommen.<br>Einige Beispiele von IBN-Unternehmerforen und Konferenzen: <br>\u201eHerausforderungen der Bildung im Grenzgebiet. Technologie &#8211; Mehrsprachigkeit \u2013 Zusammenarbeit\u201c &nbsp;(17.04.2024), <br>\u201eHanfpotenziale entdecken entlang der Wertsch\u00f6pfungskette\u201c (26.09.2024), <br>&#8222;Nachhaltiges Bauen \u2013 Naturbaustoffe und Recycling\u201c (16.10.2024), <br>Deutsch-Polnische Wasserstoffkonferenz (15.11.2025),<br>Deutsch-Polnische Infrastrukturkonferenz (02.04.2025)<br>\u201eGreifswalds Caspar-David-Friedrich-2024 Jubil\u00e4umsjahr als Angebot f\u00fcr Unternehmen und Multiplikatoren aus der Tourismusbranche\u201c (07.05.2024)<br>\u201eTouristische Potenziale der Halbinsel Fischland-Dar\u00df\u201c (21.05. 2025).<\/li>\n\n\n\n<li>Ausschreibung eines Unternehmens zur Evaluierung des Projekts gegenw\u00e4rtig vorbereitet.<\/li>\n\n\n\n<li>Der Unternehmen-Treffpunkt in K\u00fcstrin-Kietz wurde am 26. Mai 2025 feierlich er\u00f6ffnet.<\/li>\n<\/ul>\n\n\n\n<p><\/p>\n\n\n\n<p><strong>Programm\u00fcbergreifende Bedeutung:<\/strong><br>Das Projekt leistet einen bedeutenden Beitrag f\u00fcr die soziale Integration und die nachhaltige Entwicklung im deutsch-polnischen Verflechtungsraum.<\/p>\n\n\n\n<p>Die Ma\u00dfnahmen sind eine Antwort auf die aktuellen Bed\u00fcrfnisse der B\u00fcrger in der Grenzregion und richtet sich zugleich an Unternehmer und Institutionen, die in den grenz\u00fcberschreitenden Wissensaustausch treten und deutsch-polnische Kontakte kn\u00fcpfen wollen. Zu den Schl\u00fcsselthemen geh\u00f6ren der grenz\u00fcberschreitende Wissens- und Technologietransfer im Energiesektor, St\u00e4rkung der Tourismusbranche und die Sicherung von Fachkr\u00e4ften.<\/p>\n\n\n\n<p>Die hohe Qualit\u00e4t der Projektpartnerschaften und die enge kommunikative Zusammenarbeit zwischen den Standorten gew\u00e4hrleisten die erfolgreiche Durchf\u00fchrung zahlreicher Informationsveranstaltungen, Treffen, Workshops usw. im gesamten Programmgebiet. Seit Mai 2025 bietet das IBN dar\u00fcber hinaus in Zusammenarbeit mit dem langj\u00e4hrigen Projektpartner STIC seine Dienstleistungen auch am neuen Standort, dem deutsch-polnischen Treffpunkt f\u00fcr Unternehmer MOST, am Bahnhof K\u00fcstrin-Kietz an. Dank der Bahnverbindung nach Berlin und Gorzow sowie der N\u00e4he der Grenzbr\u00fccke nach Kostrzyn an Oder ist MOST Coworking f\u00fcr alle Reisenden \u2013 sowohl f\u00fcr Einheimische als auch f\u00fcr Besucher \u2013 leicht erreichbar.<\/p>\n\n\n\n<p><\/p>\n\n\n\n<p>Links zum Projekt:<br><a href=\"https:\/\/ibn-sid.eu\/\" rel=\"nofollow noopener\" target=\"_blank\">https:\/\/ibn-sid.eu\/<\/a><br><a href=\"https:\/\/www.facebook.com\/IBNNetzwerk\" rel=\"nofollow noopener\" target=\"_blank\">https:\/\/www.facebook.com\/IBNNetzwerk<\/a><\/p>\n\n\n\n<p><\/p>\n\n\n\n<figure class=\"wp-block-gallery has-nested-images columns-default is-cropped wp-block-gallery-1 is-layout-flex wp-block-gallery-is-layout-flex\">\n<figure class=\"wp-block-image size-large\"><img loading=\"lazy\" decoding=\"async\" width=\"1024\" height=\"674\" data-id=\"36655\" src=\"https:\/\/plsn.eu\/wp-content\/uploads\/2025\/06\/2025-05-26-Eroeffnung_MOST_Kuestrin_Kietz-scaled-e1749198316953-1024x674.jpg\" alt=\"\" class=\"wp-image-36655\" srcset=\"https:\/\/plsn.eu\/wp-content\/uploads\/2025\/06\/2025-05-26-Eroeffnung_MOST_Kuestrin_Kietz-scaled-e1749198316953-1024x674.jpg 1024w, https:\/\/plsn.eu\/wp-content\/uploads\/2025\/06\/2025-05-26-Eroeffnung_MOST_Kuestrin_Kietz-scaled-e1749198316953-300x197.jpg 300w, https:\/\/plsn.eu\/wp-content\/uploads\/2025\/06\/2025-05-26-Eroeffnung_MOST_Kuestrin_Kietz-scaled-e1749198316953-768x506.jpg 768w, https:\/\/plsn.eu\/wp-content\/uploads\/2025\/06\/2025-05-26-Eroeffnung_MOST_Kuestrin_Kietz-scaled-e1749198316953-1536x1011.jpg 1536w, https:\/\/plsn.eu\/wp-content\/uploads\/2025\/06\/2025-05-26-Eroeffnung_MOST_Kuestrin_Kietz-scaled-e1749198316953-2048x1348.jpg 2048w\" sizes=\"auto, (max-width: 1024px) 100vw, 1024px\" \/><\/figure>\n\n\n\n<figure class=\"wp-block-image size-large\"><img loading=\"lazy\" decoding=\"async\" width=\"1024\" height=\"652\" data-id=\"36656\" src=\"https:\/\/plsn.eu\/wp-content\/uploads\/2025\/06\/CDF-Greifswals-07.05.24-scaled-e1749198616538-1024x652.jpg\" alt=\"\" class=\"wp-image-36656\" srcset=\"https:\/\/plsn.eu\/wp-content\/uploads\/2025\/06\/CDF-Greifswals-07.05.24-scaled-e1749198616538-1024x652.jpg 1024w, https:\/\/plsn.eu\/wp-content\/uploads\/2025\/06\/CDF-Greifswals-07.05.24-scaled-e1749198616538-300x191.jpg 300w, https:\/\/plsn.eu\/wp-content\/uploads\/2025\/06\/CDF-Greifswals-07.05.24-scaled-e1749198616538-768x489.jpg 768w, https:\/\/plsn.eu\/wp-content\/uploads\/2025\/06\/CDF-Greifswals-07.05.24-scaled-e1749198616538-1536x978.jpg 1536w, https:\/\/plsn.eu\/wp-content\/uploads\/2025\/06\/CDF-Greifswals-07.05.24-scaled-e1749198616538-2048x1304.jpg 2048w\" sizes=\"auto, (max-width: 1024px) 100vw, 1024px\" \/><\/figure>\n\n\n\n<figure class=\"wp-block-image size-large\"><img loading=\"lazy\" decoding=\"async\" width=\"1024\" height=\"644\" data-id=\"36657\" src=\"https:\/\/plsn.eu\/wp-content\/uploads\/2025\/06\/Hanfunternehmerforum-scaled-e1749198577144-1024x644.jpg\" alt=\"\" class=\"wp-image-36657\" srcset=\"https:\/\/plsn.eu\/wp-content\/uploads\/2025\/06\/Hanfunternehmerforum-scaled-e1749198577144-1024x644.jpg 1024w, https:\/\/plsn.eu\/wp-content\/uploads\/2025\/06\/Hanfunternehmerforum-scaled-e1749198577144-300x189.jpg 300w, https:\/\/plsn.eu\/wp-content\/uploads\/2025\/06\/Hanfunternehmerforum-scaled-e1749198577144-768x483.jpg 768w, https:\/\/plsn.eu\/wp-content\/uploads\/2025\/06\/Hanfunternehmerforum-scaled-e1749198577144.jpg 1470w\" sizes=\"auto, (max-width: 1024px) 100vw, 1024px\" \/><\/figure>\n\n\n\n<figure class=\"wp-block-image size-large\"><img loading=\"lazy\" decoding=\"async\" width=\"1024\" height=\"807\" data-id=\"36659\" src=\"https:\/\/plsn.eu\/wp-content\/uploads\/2025\/06\/Start-des-Projektes-IBN-1024x807.png\" alt=\"\" class=\"wp-image-36659\" srcset=\"https:\/\/plsn.eu\/wp-content\/uploads\/2025\/06\/Start-des-Projektes-IBN-1024x807.png 1024w, https:\/\/plsn.eu\/wp-content\/uploads\/2025\/06\/Start-des-Projektes-IBN-300x236.png 300w, https:\/\/plsn.eu\/wp-content\/uploads\/2025\/06\/Start-des-Projektes-IBN-768x605.png 768w, https:\/\/plsn.eu\/wp-content\/uploads\/2025\/06\/Start-des-Projektes-IBN.png 1067w\" sizes=\"auto, (max-width: 1024px) 100vw, 1024px\" \/><\/figure>\n\n\n\n<figure class=\"wp-block-image size-large\"><img loading=\"lazy\" decoding=\"async\" width=\"940\" height=\"788\" data-id=\"36660\" src=\"https:\/\/plsn.eu\/wp-content\/uploads\/2025\/06\/wspolna-akcja-projekty-strategiczne-grafika.png\" alt=\"\" class=\"wp-image-36660\" srcset=\"https:\/\/plsn.eu\/wp-content\/uploads\/2025\/06\/wspolna-akcja-projekty-strategiczne-grafika.png 940w, https:\/\/plsn.eu\/wp-content\/uploads\/2025\/06\/wspolna-akcja-projekty-strategiczne-grafika-300x251.png 300w, https:\/\/plsn.eu\/wp-content\/uploads\/2025\/06\/wspolna-akcja-projekty-strategiczne-grafika-768x644.png 768w\" sizes=\"auto, (max-width: 940px) 100vw, 940px\" \/><\/figure>\n<\/figure>\n","protected":false},"excerpt":{"rendered":"<p>Unsere gemeinsame Infokampagne von drei deutsch \u2013 polnischen Interreg \u2013 Programmen in vollem Gange! Im dritten Teil des Zyklus zu Vorhaben mit der grenz\u00fcbergreifenden Bedeutung stellen wir Ihnen folgendes Projekt vor: IBN\/SID Informations- und Beratungsnetzwerk Das Projekt wird im Rahmen des Kooperationsprogramms Interreg VI A Mecklenburg-Vorpommern \/ Brandenburg \/ Polska 2021-2027 gef\u00f6rdert. Die Projektpartner sind: [&hellip;]<\/p>\n","protected":false},"author":22,"featured_media":36674,"comment_status":"closed","ping_status":"open","sticky":false,"template":"","format":"standard","meta":{"_acf_changed":false,"inline_featured_image":false,"_themeisle_gutenberg_block_has_review":false,"footnotes":"","_links_to":"","_links_to_target":""},"categories":[1555,3],"tags":[],"class_list":["post-36675","post","type-post","status-publish","format-standard","has-post-thumbnail","hentry","category-aktuelles","category-aktualnosci"],"acf":[],"_links":{"self":[{"href":"https:\/\/plsn.eu\/de\/wp-json\/wp\/v2\/posts\/36675","targetHints":{"allow":["GET"]}}],"collection":[{"href":"https:\/\/plsn.eu\/de\/wp-json\/wp\/v2\/posts"}],"about":[{"href":"https:\/\/plsn.eu\/de\/wp-json\/wp\/v2\/types\/post"}],"author":[{"embeddable":true,"href":"https:\/\/plsn.eu\/de\/wp-json\/wp\/v2\/users\/22"}],"replies":[{"embeddable":true,"href":"https:\/\/plsn.eu\/de\/wp-json\/wp\/v2\/comments?post=36675"}],"version-history":[{"count":12,"href":"https:\/\/plsn.eu\/de\/wp-json\/wp\/v2\/posts\/36675\/revisions"}],"predecessor-version":[{"id":38633,"href":"https:\/\/plsn.eu\/de\/wp-json\/wp\/v2\/posts\/36675\/revisions\/38633"}],"wp:featuredmedia":[{"embeddable":true,"href":"https:\/\/plsn.eu\/de\/wp-json\/wp\/v2\/media\/36674"}],"wp:attachment":[{"href":"https:\/\/plsn.eu\/de\/wp-json\/wp\/v2\/media?parent=36675"}],"wp:term":[{"taxonomy":"category","embeddable":true,"href":"https:\/\/plsn.eu\/de\/wp-json\/wp\/v2\/categories?post=36675"},{"taxonomy":"post_tag","embeddable":true,"href":"https:\/\/plsn.eu\/de\/wp-json\/wp\/v2\/tags?post=36675"}],"curies":[{"name":"wp","href":"https:\/\/api.w.org\/{rel}","templated":true}]}}