{"id":36752,"date":"2025-06-18T12:11:00","date_gmt":"2025-06-18T10:11:00","guid":{"rendered":"https:\/\/plsn.eu\/?p=36752"},"modified":"2025-06-19T09:15:34","modified_gmt":"2025-06-19T07:15:34","slug":"19-juni-gesetzlicher-feiertag-in-polen","status":"publish","type":"post","link":"https:\/\/plsn.eu\/de\/19-juni-gesetzlicher-feiertag-in-polen\/","title":{"rendered":"19. Juni &#8211; gesetzlicher Feiertag in Polen"},"content":{"rendered":"\n<p><\/p>\n\n\n\n<p>In diesem Jahr f\u00e4llt Fronleichnam auf den 19. Juni. Das ist ein gesetzlicher Feiertag in Polen und das B\u00fcro bleibt geschlossen. Wir sind am Freitag, den 20. Juni, wieder f\u00fcr Sie da.<\/p>\n\n\n\n<p><\/p>\n","protected":false},"excerpt":{"rendered":"<p>In diesem Jahr f\u00e4llt Fronleichnam auf den 19. Juni. Das ist ein gesetzlicher Feiertag in Polen und das B\u00fcro bleibt geschlossen. Wir sind am Freitag, den 20. Juni, wieder f\u00fcr Sie da.<\/p>\n","protected":false},"author":22,"featured_media":0,"comment_status":"closed","ping_status":"open","sticky":false,"template":"","format":"standard","meta":{"_acf_changed":false,"inline_featured_image":false,"_themeisle_gutenberg_block_has_review":false,"footnotes":"","_links_to":"","_links_to_target":""},"categories":[1555,3],"tags":[],"class_list":["post-36752","post","type-post","status-publish","format-standard","hentry","category-aktuelles","category-aktualnosci"],"acf":[],"_links":{"self":[{"href":"https:\/\/plsn.eu\/de\/wp-json\/wp\/v2\/posts\/36752","targetHints":{"allow":["GET"]}}],"collection":[{"href":"https:\/\/plsn.eu\/de\/wp-json\/wp\/v2\/posts"}],"about":[{"href":"https:\/\/plsn.eu\/de\/wp-json\/wp\/v2\/types\/post"}],"author":[{"embeddable":true,"href":"https:\/\/plsn.eu\/de\/wp-json\/wp\/v2\/users\/22"}],"replies":[{"embeddable":true,"href":"https:\/\/plsn.eu\/de\/wp-json\/wp\/v2\/comments?post=36752"}],"version-history":[{"count":2,"href":"https:\/\/plsn.eu\/de\/wp-json\/wp\/v2\/posts\/36752\/revisions"}],"predecessor-version":[{"id":36771,"href":"https:\/\/plsn.eu\/de\/wp-json\/wp\/v2\/posts\/36752\/revisions\/36771"}],"wp:attachment":[{"href":"https:\/\/plsn.eu\/de\/wp-json\/wp\/v2\/media?parent=36752"}],"wp:term":[{"taxonomy":"category","embeddable":true,"href":"https:\/\/plsn.eu\/de\/wp-json\/wp\/v2\/categories?post=36752"},{"taxonomy":"post_tag","embeddable":true,"href":"https:\/\/plsn.eu\/de\/wp-json\/wp\/v2\/tags?post=36752"}],"curies":[{"name":"wp","href":"https:\/\/api.w.org\/{rel}","templated":true}]}}