{"id":36991,"date":"2025-07-04T15:00:00","date_gmt":"2025-07-04T13:00:00","guid":{"rendered":"https:\/\/plsn.eu\/?p=36991"},"modified":"2025-12-03T07:52:19","modified_gmt":"2025-12-03T06:52:19","slug":"3-sekretariate-2-laender-1-ziel-3","status":"publish","type":"post","link":"https:\/\/plsn.eu\/de\/3-sekretariate-2-laender-1-ziel-3\/","title":{"rendered":"3 Sekretariate 2 L\u00e4nder 1 Ziel! Teil 4: GO GREEN"},"content":{"rendered":"\n<p><\/p>\n\n\n\n<h2 class=\"wp-block-heading\"><strong>Interreg Brandenburg \u2013 Polen stellt das Projekt GoGreen vor!<\/strong><\/h2>\n\n\n\n<p><\/p>\n\n\n\n<p>Im vierten Teil des Zyklus m\u00f6chten wir Ihre Aufmerksamkeit auf das folgende Vorhaben mit der grenz\u00fcbergreifenden Bedeutung richten:<\/p>\n\n\n\n<p><mark style=\"background-color:rgba(0, 0, 0, 0)\" class=\"has-inline-color has-vivid-green-cyan-color\"><strong>GoGreen &#8211; das Deutsch-Polnische Kompetenzzentrum f\u00fcr Nachhaltigkeitformations- und Beratungsnetzwerk<\/strong><\/mark><\/p>\n\n\n\n<p><\/p>\n\n\n\n<p>Das Projekt wird im Rahmen des Kooperationsprogramms <strong>Interreg VI A Brandenburg \/ Polen 2021-2027 <\/strong>gef\u00f6rdert.<br><\/p>\n\n\n\n<p>Die Projektpartner sind: <br>1. IHK-Projektgesellschaft mbH &#8211; Leadpartner<br>2. Zachodnia Izba Przemys\u0142owo-Handlowa <br>3. Centrum Energetyki Odnawialnej Sp. z o.o. <br>4. GRUPA EKOPRO Sp. z o.o. Sp\u00f3\u0142ka komandytowa<\/p>\n\n\n\n<p>Assozierte Partner:<br>5. IHK Ostbrenadenburg <\/p>\n\n\n\n<p>F\u00f6rderf\u00e4higes Gesamtbudget:<br><strong>1.168.829,36 EUR<\/strong><\/p>\n\n\n\n<p>F\u00f6rderbetrag (EFRE):<br><strong>935.063,48 EUR<\/strong><\/p>\n\n\n\n<p>Durchf\u00fchrungszeitraum:<br><strong>01.01.2025 \u2013 31.12.2027<\/strong><\/p>\n\n\n\n<p><\/p>\n\n\n\n<p>Hauptziel des Projekts:<br>Das Projekt zielt darauf ab, durch die Einrichtung eines deutsch-polnischen Kompetenzzentrums f\u00fcr nachhaltige Entwicklung eine umfassende Unterst\u00fctzung f\u00fcr Unternehmen im Bereich des \u00f6kologischen Wandels zu schaffen. Das Zentrum tr\u00e4gt der Notwendigkeit Rechnung, dass Unternehmen ihre T\u00e4tigkeiten an neue Umweltanforderungen anpassen m\u00fcssen, und wird als Pilotprojekt in der Grenzregion arbeiten. Es ist jedoch geplant, dass das Zentrum in Zukunft seinen regionalen und thematischen Geltungsbereich erweitert. <br>Ziel des Projekts ist es, in mindestens 80 Unternehmen aus Polen und Deutschland einen \u00f6kologischen Wandel herbeizuf\u00fchren. Erreicht werden soll dies durch gemeinsam entwickelte innovative L\u00f6sungen. Die Hauptzielgruppe des Projekts sind polnische und deutsche Unternehmen, Forschungseinrichtungen und Technologietransferzentren. Das Kompetenzzentrum wird sie bei der Umsetzung von nachhaltigen Ma\u00dfnahmen gezielt unterst\u00fctzen und die Zusammenarbeit f\u00f6rdern.<\/p>\n\n\n\n<p><\/p>\n\n\n\n<p>Wichtigsten Ma\u00dfnahmen des Projekts:<\/p>\n\n\n\n<ul class=\"wp-block-list\">\n<li><strong>Einrichtung eines Kompetenzzentrums f\u00fcr nachhaltige Entwicklung<\/strong> und eng kooperierender Regionalvertretungen mit Sitz in Gorz\u00f3w Wielkopolski und Frankfurt (Oder). Die Regionalvertretungen werden die Aufgabe haben, Aktivit\u00e4ten zur F\u00f6rderung der nachhaltigen Entwicklung in der Grenzregion zu koordinieren und umzusetzen und als zentrale Anlaufstelle f\u00fcr Unternehmen, Forschungseinrichtungen, Technologietransferzentren und andere Akteure zu fungieren.<\/li>\n\n\n\n<li><strong>Schaffung einer digitalen Kompetenzplattform<\/strong>, die eine Schl\u00fcsselrolle bei der Umsetzung und Verbreitung der von den regionalen Zentren entwickelten Themen- und Dienstleistungskonzepte spielen wird und es zudem erm\u00f6glicht, die Reichweite und Wirkung des deutsch-polnischen Kompetenzzentrums f\u00fcr nachhaltige Entwicklung zu erh\u00f6hen. Die Plattform wird als virtueller Raum konzipiert sein, der den Nutzern den Zugang zu umfangreichen Informationen, Ressourcen und Dienstleistungen rund um den Green Deal erm\u00f6glicht. Sie wird als Kundendienststelle dienen, die Unternehmen, Forschungseinrichtungen, Technologietransferzentren, Kommunen und der \u00d6ffentlichkeit einen einfachen Zugang zu den angebotenen Dienstleistungen und Informationen bietet.<\/li>\n\n\n\n<li><strong>Deutsch-polnische Webinare f\u00fcr Unternehmen aus Lubuskie und Brandenburg<\/strong> zu ausgew\u00e4hlten Elementen der Nachhaltigkeit und Klimaneutralit\u00e4t.<\/li>\n\n\n\n<li><strong>Wirtschaftskongress GO GREEN<\/strong> &#8211; ein j\u00e4hrlich stattfindendes polnisch-deutsches Forum, das den Teilnehmern die M\u00f6glichkeit bietet, Erfahrungen auszutauschen, die neuesten L\u00f6sungen im Bereich der gr\u00fcnen Technologie zu pr\u00e4sentieren und Gesch\u00e4ftsbeziehungen aufzubauen.<\/li>\n\n\n\n<li><strong>Schulungen \u201eGreen Solutions Expert&#8220;<\/strong> &#8211; auf dem Programm stehen Workshops und praktische \u00dcbungen, um das Wissen und die F\u00e4higkeiten zur Umsetzung von Ver\u00e4nderungsl\u00f6sungen in ihren Unternehmen zu erwerben.<\/li>\n\n\n\n<li><strong>Eco-Scouting &#8211; Audits f\u00fcr Unternehmen<\/strong> &#8211; ein Programm zur Analyse der Umweltauswirkungen von Unternehmen durch Ermittlung und Bewertung der damit verbundenen Risiken und Entwicklung von Empfehlungen zur Umsetzung von Ver\u00e4nderungen. Die Unternehmen werden im Hinblick auf ihren derzeitigen Energieverbrauch, ihr Umweltmanagement, ihre soziale Verantwortung, ihre Unternehmensf\u00fchrung, ihre Material- und Rohstofffl\u00fcsse und ihre ESG-Berichterstattung analysiert.\n<ul class=\"wp-block-list\">\n<li>Energie Eco-Scouting &#8211; Analyse des aktuellen Verbrauchs aller Energietr\u00e4ger im Unternehmen<\/li>\n\n\n\n<li>ESG Eco-Scouting &#8211; Analyse der Faktoren Umweltmanagement, soziale Verantwortung und Corporate Governance<\/li>\n\n\n\n<li>Umwelt Eco-Scouting &#8211; Analyse der Material- und Rohstofffl\u00fcsse im Unternehmen<\/li>\n\n\n\n<li>Eco-Scouting Ermittlung des CO2-Fu\u00dfabdruck<\/li>\n<\/ul>\n<\/li>\n\n\n\n<li><strong>Eco-Coaching &#8211; Anpassung der Unternehmensprozesse<\/strong> an aktuelle Umweltanforderungen und nachhaltige Gesch\u00e4ftspraktiken. Eco-Coaching identifiziert L\u00fccken in Unternehmen, die das Potenzial umweltfreundlicher Technologien und Know-how in ihren Produktionsprozessen und Dienstleistungen nicht voll aussch\u00f6pfen, und zeigt m\u00f6gliche L\u00f6sungen zur Beseitigung der Defizite auf.<\/li>\n\n\n\n<li><strong>Ecocockpit, ein Instrument zur Sensibilisierung von Unternehmen<\/strong> f\u00fcr ihren CO2-Fu\u00dfabdruck, das auf deutscher Seite in Betrieb ist und polnischen Unternehmern, die es nutzen m\u00f6chten, kostenlos zur Verf\u00fcgung gestellt wird.<\/li>\n\n\n\n<li><strong>Good Practice Handbuch GREEN INNOVATION<\/strong> &#8211; das Handbuch wird eine umfassende Sammlung von bew\u00e4hrten Verfahren und L\u00f6sungen zur F\u00f6rderung der Klimaneutralit\u00e4t in Unternehmen bieten. Es wird auf den tats\u00e4chlichen Erfahrungen von Unternehmen basieren, die bereits erfolgreich innovative L\u00f6sungen in Polen und Deutschland umgesetzt haben<\/li>\n<\/ul>\n\n\n\n<p><\/p>\n\n\n\n<p>Durchf\u00fchrungsstand:<\/p>\n\n\n\n<ul class=\"wp-block-list\">\n<li>Das Projekt befindet sich in der Anfangsphase der Umsetzung.<\/li>\n\n\n\n<li>Am 26.06.2025 fand in Gorz\u00f3w der Wirtschaftskongress \u201eGo Green\u201c statt, der sich mit den wichtigsten Fragen der Umsetzung der Prinzipien der nachhaltigen Entwicklung in der Wirtschaft besch\u00e4ftigte. Die Veranstaltung wurde im Rahmen des Polnisch-Deutschen Kompetenzzentrums f\u00fcr nachhaltige Entwicklung organisiert, das im Januar dieses Jahres seine Arbeit aufgenommen hat.<\/li>\n\n\n\n<li>Den Kongressteilnehmern wurde die Palette der Beratungs- und Schulungsdienste vorgestellt, die den Unternehmern ab Herbst zur Verf\u00fcgung stehen werden.<\/li>\n<\/ul>\n\n\n\n<p><\/p>\n\n\n\n<p><strong>Programm\u00fcbergreifende Bedeutung:<\/strong><br>Das Projekt hat durch die Einbindung des assoziierten Partners IHK Ostbrandenburg das Potenzial, komplement\u00e4re Effekte und Synergien zu den durchgef\u00fchrten Aktivit\u00e4ten entlang der deutsch-polnischen Grenze zu erzeugen.<\/p>\n\n\n\n<p>Die IHK Ostbrandenburg ist der Leadpartner im strategischen Projekt \u201e<a>POLSMA<\/a>\u201c, das im Programm Interreg Mecklenburg-Vorpommern \/ Brandenburg \/ Polska mit dem Ziel umgesetzt wird, eine \u201epolnisch-deutsche Kompetenzregion f\u00fcr den Gr\u00fcnen Deal\u201d zu schaffen. Das Projekt \u201ePolsma\u201c werden wir Ihnen in einer der n\u00e4chsten Zyklusteilen vorstellen.<\/p>\n\n\n\n<hr class=\"wp-block-separator has-alpha-channel-opacity\"\/>\n\n\n\n<p>Links zum Projekt:<br><a href=\"https:\/\/www.ihk-projekt.de\/gogreen\/\" rel=\"nofollow noopener\" target=\"_blank\">https:\/\/www.ihk-projekt.de\/gogreen\/<\/a><br><a href=\"https:\/\/www.ziph.pl\/pl\/menu\/136\/centrum-go-green.html\" rel=\"nofollow noopener\" target=\"_blank\">https:\/\/www.ziph.pl\/pl\/menu\/136\/centrum-go-green.html<\/a><br><\/p>\n\n\n\n<p><\/p>\n\n\n\n<figure class=\"wp-block-gallery has-nested-images columns-default is-cropped wp-block-gallery-1 is-layout-flex wp-block-gallery-is-layout-flex\">\n<figure class=\"wp-block-image size-large\"><img loading=\"lazy\" decoding=\"async\" width=\"1024\" height=\"409\" data-id=\"36984\" src=\"https:\/\/plsn.eu\/wp-content\/uploads\/2025\/07\/1_ostatnielogo_mit-Hintergrund-1024x409.png\" alt=\"\" class=\"wp-image-36984\" srcset=\"https:\/\/plsn.eu\/wp-content\/uploads\/2025\/07\/1_ostatnielogo_mit-Hintergrund-1024x409.png 1024w, https:\/\/plsn.eu\/wp-content\/uploads\/2025\/07\/1_ostatnielogo_mit-Hintergrund-300x120.png 300w, https:\/\/plsn.eu\/wp-content\/uploads\/2025\/07\/1_ostatnielogo_mit-Hintergrund-768x307.png 768w, https:\/\/plsn.eu\/wp-content\/uploads\/2025\/07\/1_ostatnielogo_mit-Hintergrund-1536x614.png 1536w, https:\/\/plsn.eu\/wp-content\/uploads\/2025\/07\/1_ostatnielogo_mit-Hintergrund-2048x819.png 2048w\" sizes=\"auto, (max-width: 1024px) 100vw, 1024px\" \/><\/figure>\n\n\n\n<figure class=\"wp-block-image size-full\"><img loading=\"lazy\" decoding=\"async\" width=\"800\" height=\"533\" data-id=\"36983\" src=\"https:\/\/plsn.eu\/wp-content\/uploads\/2025\/07\/IMG_0048_big.jpg\" alt=\"\" class=\"wp-image-36983\" srcset=\"https:\/\/plsn.eu\/wp-content\/uploads\/2025\/07\/IMG_0048_big.jpg 800w, https:\/\/plsn.eu\/wp-content\/uploads\/2025\/07\/IMG_0048_big-300x200.jpg 300w, https:\/\/plsn.eu\/wp-content\/uploads\/2025\/07\/IMG_0048_big-768x512.jpg 768w\" sizes=\"auto, (max-width: 800px) 100vw, 800px\" \/><\/figure>\n\n\n\n<figure class=\"wp-block-image size-large\"><img loading=\"lazy\" decoding=\"async\" width=\"1024\" height=\"644\" data-id=\"36657\" src=\"https:\/\/plsn.eu\/wp-content\/uploads\/2025\/06\/Hanfunternehmerforum-scaled-e1749198577144-1024x644.jpg\" alt=\"\" class=\"wp-image-36657\" srcset=\"https:\/\/plsn.eu\/wp-content\/uploads\/2025\/06\/Hanfunternehmerforum-scaled-e1749198577144-1024x644.jpg 1024w, https:\/\/plsn.eu\/wp-content\/uploads\/2025\/06\/Hanfunternehmerforum-scaled-e1749198577144-300x189.jpg 300w, https:\/\/plsn.eu\/wp-content\/uploads\/2025\/06\/Hanfunternehmerforum-scaled-e1749198577144-768x483.jpg 768w, https:\/\/plsn.eu\/wp-content\/uploads\/2025\/06\/Hanfunternehmerforum-scaled-e1749198577144.jpg 1470w\" sizes=\"auto, (max-width: 1024px) 100vw, 1024px\" \/><\/figure>\n\n\n\n<figure class=\"wp-block-image size-large\"><img loading=\"lazy\" decoding=\"async\" width=\"940\" height=\"788\" data-id=\"36660\" src=\"https:\/\/plsn.eu\/wp-content\/uploads\/2025\/06\/wspolna-akcja-projekty-strategiczne-grafika.png\" alt=\"\" class=\"wp-image-36660\" srcset=\"https:\/\/plsn.eu\/wp-content\/uploads\/2025\/06\/wspolna-akcja-projekty-strategiczne-grafika.png 940w, https:\/\/plsn.eu\/wp-content\/uploads\/2025\/06\/wspolna-akcja-projekty-strategiczne-grafika-300x251.png 300w, https:\/\/plsn.eu\/wp-content\/uploads\/2025\/06\/wspolna-akcja-projekty-strategiczne-grafika-768x644.png 768w\" sizes=\"auto, (max-width: 940px) 100vw, 940px\" \/><\/figure>\n<\/figure>\n","protected":false},"excerpt":{"rendered":"<p>Interreg Brandenburg \u2013 Polen stellt das Projekt GoGreen vor! Im vierten Teil des Zyklus m\u00f6chten wir Ihre Aufmerksamkeit auf das folgende Vorhaben mit der grenz\u00fcbergreifenden Bedeutung richten: GoGreen &#8211; das Deutsch-Polnische Kompetenzzentrum f\u00fcr Nachhaltigkeitformations- und Beratungsnetzwerk Das Projekt wird im Rahmen des Kooperationsprogramms Interreg VI A Brandenburg \/ Polen 2021-2027 gef\u00f6rdert. Die Projektpartner sind: 1. [&hellip;]<\/p>\n","protected":false},"author":22,"featured_media":36984,"comment_status":"closed","ping_status":"open","sticky":false,"template":"","format":"standard","meta":{"_acf_changed":false,"inline_featured_image":false,"_themeisle_gutenberg_block_has_review":false,"footnotes":"","_links_to":"","_links_to_target":""},"categories":[1555,3],"tags":[],"class_list":["post-36991","post","type-post","status-publish","format-standard","has-post-thumbnail","hentry","category-aktuelles","category-aktualnosci"],"acf":[],"_links":{"self":[{"href":"https:\/\/plsn.eu\/de\/wp-json\/wp\/v2\/posts\/36991","targetHints":{"allow":["GET"]}}],"collection":[{"href":"https:\/\/plsn.eu\/de\/wp-json\/wp\/v2\/posts"}],"about":[{"href":"https:\/\/plsn.eu\/de\/wp-json\/wp\/v2\/types\/post"}],"author":[{"embeddable":true,"href":"https:\/\/plsn.eu\/de\/wp-json\/wp\/v2\/users\/22"}],"replies":[{"embeddable":true,"href":"https:\/\/plsn.eu\/de\/wp-json\/wp\/v2\/comments?post=36991"}],"version-history":[{"count":33,"href":"https:\/\/plsn.eu\/de\/wp-json\/wp\/v2\/posts\/36991\/revisions"}],"predecessor-version":[{"id":38629,"href":"https:\/\/plsn.eu\/de\/wp-json\/wp\/v2\/posts\/36991\/revisions\/38629"}],"wp:featuredmedia":[{"embeddable":true,"href":"https:\/\/plsn.eu\/de\/wp-json\/wp\/v2\/media\/36984"}],"wp:attachment":[{"href":"https:\/\/plsn.eu\/de\/wp-json\/wp\/v2\/media?parent=36991"}],"wp:term":[{"taxonomy":"category","embeddable":true,"href":"https:\/\/plsn.eu\/de\/wp-json\/wp\/v2\/categories?post=36991"},{"taxonomy":"post_tag","embeddable":true,"href":"https:\/\/plsn.eu\/de\/wp-json\/wp\/v2\/tags?post=36991"}],"curies":[{"name":"wp","href":"https:\/\/api.w.org\/{rel}","templated":true}]}}