{"id":37422,"date":"2025-08-29T08:48:49","date_gmt":"2025-08-29T06:48:49","guid":{"rendered":"https:\/\/plsn.eu\/?p=37422"},"modified":"2025-09-02T11:35:22","modified_gmt":"2025-09-02T09:35:22","slug":"wir-suchen-eine-mitarbeiterin-einen-mitabreiter","status":"publish","type":"post","link":"https:\/\/plsn.eu\/de\/wir-suchen-eine-mitarbeiterin-einen-mitabreiter\/","title":{"rendered":"Wir suchen eine Mitarbeiterin \/ einen Mitabreiter"},"content":{"rendered":"\n<p><\/p>\n\n\n\n<p><\/p>\n\n\n\n<p>Das Zentrum f\u00fcr Europ\u00e4ische Projekte sucht einen Bewerber\/eine Bewerberin f\u00fcr die Stelle:<strong><\/strong><\/p>\n\n\n\n<p><strong>Fachreferent:in f\u00fcr Projekte<\/strong><\/p>\n\n\n\n<p>Das Kooperationsprogramm INTERREG Polen- Sachsen 2021\u20132027<\/p>\n\n\n\n<p>Referenznummer WS-PLSN-2\/2025<\/p>\n\n\n\n<p>Standort: Wroc\u0142aw, Polen<\/p>\n\n\n\n<p>Mehr \u00fcber uns erfahren Sie unter: <a href=\"http:\/\/www.plsn.eu\">www.plsn.eu<\/a>, <a href=\"http:\/\/www.cpe.gov.pl\" rel=\"nofollow noopener\" target=\"_blank\">www.cpe.gov.pl<\/a>.<\/p>\n\n\n\n<p><\/p>\n\n\n\n<figure class=\"wp-block-table\"><table class=\"has-fixed-layout\"><tbody><tr><td><strong>Gesuchte Kompetenzen<\/strong><\/td><\/tr><\/tbody><\/table><\/figure>\n\n\n\n<p>Idealerweise verf\u00fcgt der Bewerber \/ die Berberberin \u00fcber Kenntnisse \u00fcber das F\u00f6rdergebiet des Kooperationsprogramms Interreg Polen-Sachsen sowie \u00fcber die Herausforderungen der Region. Interkulturelle Sensibilit\u00e4t und Aufgeschlossenheit auf einen multikulturellen Umfeld wird von gro\u00dfem Vorteil. Die Teammitglieder verbinden am meisten strukturierte und selbstorganisierte Arbeitsweise mit Engagement und Flexibilit\u00e4t. Personen, die ausgezeichneten Kommunikationsf\u00e4higkeiten aufweisen, k\u00f6nnen in den multinationalen Team viel beitragen. Das Bewu\u00dftsein \u00fcber kulturelle Unterschiede in der Arbeitsweise verschiedener Akteure im deutschen und polnischen Teil des F\u00f6rdergebietes ist untentbehrlich.&nbsp;<\/p>\n\n\n\n<p>Der k\u00fcnftige Mitarbeiter \/ die k\u00fcnftige Mitarbeiterin erwartet eine spannende T\u00e4tigkeit in unserem erfahrenen, zweisprachigen Team im Herzen von Wroc\u0142aw. Dabei profitieret das Team von flexiblen Home-Office-M\u00f6glichkeiten. Wir f\u00f6rdern Ihre berufliche und pers\u00f6nliche Entwicklung durch ein individuell gestaltetes Schulungsprogramm und bieten Ihnen attraktive Verdienstm\u00f6glichkeiten in einem zukunftsorientierten Arbeitsumfeld.<\/p>\n\n\n\n<figure class=\"wp-block-table\"><table class=\"has-fixed-layout\"><tbody><tr><td><strong>Ihr Aufgabengebiet:<\/strong><\/td><\/tr><\/tbody><\/table><\/figure>\n\n\n\n<ul class=\"wp-block-list\">\n<li>Durchf\u00fchrung und Bewerbung von Calls zur Einreichung von Projektantr\u00e4gen;<\/li>\n\n\n\n<li>Formelle und inhaltliche Bewertung der eingehenden Projektantr\u00e4ge;<\/li>\n\n\n\n<li>Erstellen von Zuwendungsvertr\u00e4gen;<\/li>\n\n\n\n<li>Unterst\u00fctzung f\u00fcr s\u00e4chsische und polnische Projektpartner bei der Projektumsetzung;<\/li>\n\n\n\n<li>Vorbereitung und Teilnahme an Veranstaltungen zur Bewerbung des Interreg-Programms;<\/li>\n\n\n\n<li>Beratung und Betreuung sowie Durchf\u00fchrung von Schulungen f\u00fcr potentielle Antragsteller;<\/li>\n\n\n\n<li>Begleitung und Erstellung von Berichten und anderer Materialien \u00fcber laufende Projekte und die  Programmumsetzung:<\/li>\n\n\n\n<li>Vorbereitung von Sitzungsunterlagen und Mitarbeit an der Durchf\u00fchrung von Begleitausschusssitzungen;<\/li>\n\n\n\n<li>Zusammenarbeit mit verantwortlichen Programminstitutionen (zust\u00e4ndigen Ministerien aus Sachsen und Polen).<\/li>\n<\/ul>\n\n\n\n<figure class=\"wp-block-table\"><table class=\"has-fixed-layout\"><tbody><tr><td><strong>Was erwarten wir von einem Bewerber\/ einer Bewerberin?<\/strong><strong><\/strong><\/td><\/tr><\/tbody><\/table><\/figure>\n\n\n\n<ul class=\"wp-block-list\">\n<li>Abgeschlossenes Hochschulstudium;<\/li>\n\n\n\n<li>Sehr gute Deutschkenntnisse in Wort und Schrift (mind.&nbsp; C1 oder muttersprachlich);<\/li>\n\n\n\n<li>Sehr gute Polnischkenntnisse in Wort und Schrift auf C2-Niveau; F\u00fcr deutsche Muttersprachler:innen sichere Kommunikation auf Polnisch in Wort und Schrift;<\/li>\n\n\n\n<li>Mindestens 5 Jahre Berufserfahrung in vergleichbaren Positionen oder im internationalen Umfeld;<\/li>\n\n\n\n<li>Strukturierte Arbeitsorganisation;<\/li>\n\n\n\n<li>Gewissenhafte Einhaltung von Arbeitsabl\u00e4ufen;<\/li>\n\n\n\n<li><a>Souver\u00e4nen Umgang mit MS Office-Anwendungen (Word, Excel, PowerPoint, Outlook)<\/a>;<\/li>\n\n\n\n<li>Hohe Belastbarkeit;<\/li>\n\n\n\n<li>Strukturierte Arbeit unter Zeitdruck<\/li>\n\n\n\n<li>Soziale Kompetenzen.<\/li>\n<\/ul>\n\n\n\n<figure class=\"wp-block-table\"><table class=\"has-fixed-layout\"><tbody><tr><td><strong>W\u00fcnschenswerte Qualifikationen<\/strong><strong><\/strong><\/td><\/tr><\/tbody><\/table><\/figure>\n\n\n\n<ul class=\"wp-block-list\">\n<li>Berufserfahrung im Bereich EU-Strukturfonds und\/oder Durchf\u00fchrung europ\u00e4ischer Programme oder weiterer internationaler Projekte;<\/li>\n\n\n\n<li>Berufliche T\u00e4tigkeit in \u00f6ffentlichen Verwaltungseinrichtungen;<\/li>\n\n\n\n<li>Mindestens 1 Jahr Erfahrung in der Bewertung und Auswahl EU-gef\u00f6rderter Projekte und\/oder Pr\u00fcfung von Auszahlungsantr\u00e4gen;<\/li>\n\n\n\n<li>Gute Englischkenntnisse (B2-Niveau);<\/li>\n\n\n\n<li>F\u00fchrerscheinklasse B.<\/li>\n<\/ul>\n\n\n\n<figure class=\"wp-block-table\"><table class=\"has-fixed-layout\"><tbody><tr><td><strong>Wir bieten an&#8230;<\/strong><\/td><\/tr><\/tbody><\/table><\/figure>\n\n\n\n<ul class=\"wp-block-list\">\n<li>Einstellung mit einer Vollzeitstelle (zun\u00e4chst mit einem befristeten Arbeitsvertrag f\u00fcr 3 Monate &#8211; Probezeit);<\/li>\n\n\n\n<li>Grundgehalt: 7500 &#8211; 8000 PLN Brutto (abh\u00e4ngig von Qualifikation und Erfahrung);<\/li>\n\n\n\n<li>Wir freuen uns \u00fcber erfahrene Mitarbeiter: innen &#8211; zur Grundverg\u00fctung bieten wir zus\u00e4tzlich einen Erfahrungsbonus von 5 bis 20% (bei \u00fcber 5 Jahren&nbsp; nachgewiesener Berufserfahrung);<\/li>\n\n\n\n<li>Kleines, gut organisiertes und dynamisches Team und freundliches Arbeitsumfeld im Herzen von Wroc\u0142aw;<\/li>\n\n\n\n<li>Flexible Arbeitszeiten und hybrides Arbeitsmodell (B\u00fcro und Homeoffice);<\/li>\n\n\n\n<li>Zusatzf\u00f6rderung f\u00fcr Kultur- oder Sportveranstaltungen, Kinder- und Urlaubsgeld und Teilfinanzierung von Sportabonnements;<\/li>\n\n\n\n<li>Mitfinanzierung von Schulungen und Weiterbildungen;<\/li>\n\n\n\n<li>Karriere- und Entwicklungsm\u00f6glichkeiten.<\/li>\n<\/ul>\n\n\n\n<figure class=\"wp-block-table\"><table class=\"has-fixed-layout\"><tbody><tr><td><strong>Wie bewerben Sie sich?<\/strong><strong><\/strong><\/td><\/tr><\/tbody><\/table><\/figure>\n\n\n\n<p><a>Bewerben Sie sich in polnischer Sprache mit der Referenznummer <strong>WS-PLSN-2\/2025<\/strong>, f\u00fcgen Sie die erforderlichen Unterlagen bei und senden Sie Ihre Bewerbung:<\/a><\/p>\n\n\n\n<ul class=\"wp-block-list\">\n<li>in Papierform an:<\/li>\n<\/ul>\n\n\n\n<p>Centrum Projekt\u00f3w Europejskich<br>ul. Pu\u0142awska 180<br>02-670 Warszawa, Polen<\/p>\n\n\n\n<ul class=\"wp-block-list\">\n<li>oder als E-Mail an: <a href=\"mailto:rekrutacja@cpe.gov.pl\"><strong>rekrutacja@cpe.gov.pl<\/strong><\/a><\/li>\n<\/ul>\n\n\n\n<p><strong>Der Bewerbungsstichtag ist der 15. September&nbsp; 2025 (entscheidend ist das Eingangsdatum der Bewerbung)<\/strong><strong><\/strong><\/p>\n\n\n\n<p>Mit Ihrer Bewerbung \u00fcbersenden Sie bitte folgende Unterlagen:<\/p>\n\n\n\n<ul class=\"wp-block-list\">\n<li>Lebenslauf<\/li>\n\n\n\n<li>Einwilligungserkl\u00e4rung zur Verarbeitung personenbezogener Daten mit dem folgenden Wortlaut:<\/li>\n<\/ul>\n\n\n\n<p><\/p>\n\n\n\n<p><em>Maj\u0105c na uwadze przepisy og\u00f3lnego rozporz\u0105dzenia o ochronie danych osobowych oraz Ustawy o ochronie danych osobowych wyra\u017cam zgod\u0119 na przetwarzanie moich danych osobowych przez Centrum Projekt\u00f3w Europejskich z siedzib\u0105 w&nbsp;Warszawie 02-670, przy ul. Pu\u0142awskiej 180, w zakresie obj\u0119tym przekazanym przeze mnie CV dla cel\u00f3w przeprowadzenia procesu rekrutacyjnego oraz 6 miesi\u0119cy po jego zako\u0144czeniu.<\/em><\/p>\n\n\n\n<p><em>Jednocze\u015bnie o\u015bwiadczam, \u017ce zosta\u0142am\/em poinformowany, i\u017c:<\/em><\/p>\n\n\n\n<ul class=\"wp-block-list\">\n<li><em>administratorem moich danych osobowych zebranych na podstawie niniejszej zgody jest Centrum Projekt\u00f3w Europejskich z siedzib\u0105 przy ul. Pu\u0142awskiej 180 w Warszawie;<\/em><\/li>\n\n\n\n<li><em>zebrane dane b\u0119d\u0105 przetwarzane wy\u0142\u0105cznie w celach zwi\u0105zanych z\u00a0przeprowadzeniem procesu rekrutacji przez okres 6 miesi\u0119cy od dnia jego zako\u0144czenia;<\/em><\/li>\n\n\n\n<li><em>mam prawo do dost\u0119pu do tre\u015bci moich danych osobowych oraz \u017c\u0105dania ich poprawienia lub usuni\u0119cia.<\/em><\/li>\n<\/ul>\n\n\n\n<p><br>[<em>Mit Bezug auf die Datenschutzgrundverordnung und das [polnische]Gesetz \u00fcber Schutz personenbezogener Daten willige ich in die Verarbeitung personenbezogener Daten aus dem eingereichten Lebenslauf durch das Zentrum f\u00fcr Europ\u00e4ische Projekte mit Sitz in Warszawa 02-670, ul.\/Str. Pu\u0142awska 180 f\u00fcr mein Bewerbungsverfahren ein.<\/em><br><em>Zugleich erkl\u00e4re ich, dass ich dar\u00fcber informiert bin, dass:<\/em><\/p>\n\n\n\n<ul class=\"wp-block-list\">\n<li><em>der Verantwortliche f\u00fcr die Verarbeitung der nach dieser Einwilligungserkl\u00e4rung erhobenen personenbezogenen Daten das Zentrum f\u00fcr Europ\u00e4ische Projekte ul.\/Str.&nbsp; Pu\u0142awska 180, Warszawa ist;<\/em><\/li>\n\n\n\n<li><em>&nbsp;die erhobenen Daten ausschlie\u00dflich zur Bearbeitung der Bewerbungsunterlagen \u00fcber den Zeitraum von 6 Monaten ab Abschluss des Bewerbungsverfahrens verarbeitet werden;&nbsp; <\/em><\/li>\n\n\n\n<li><em>ich berechtigt bin, meine personenbezogenen Daten einzusehen und ihre Berichtigung oder L\u00f6schung zu verlangen.] <\/em><\/li>\n<\/ul>\n\n\n\n<p>Es steht Ihnen frei, Ihre personenbezogenen Daten zur Bearbeitung der Bewerbungsunterlagen zur Verf\u00fcgung zu stellen. Bewerbungen ohne die vorgenannte Einwilligungserkl\u00e4rung werden jedoch nicht bearbeitet!<\/p>\n\n\n\n<p>Sie k\u00f6nnen Ihre Einwilligung&nbsp; mit einer E-Mail an : <a href=\"mailto:iod@cpe.gov.pl\">iod@cpe.gov.pl<\/a> jederzeit widerrufen.<\/p>\n\n\n\n<figure class=\"wp-block-table\"><table class=\"has-fixed-layout\"><tbody><tr><td><strong>Weitere Informationen<\/strong><strong><\/strong><\/td><\/tr><\/tbody><\/table><\/figure>\n\n\n\n<ul class=\"wp-block-list\">\n<li>Wir kontaktieren nur ausgew\u00e4hlte Bewerber:innen;<\/li>\n\n\n\n<li>Teil des Bewerbungsverfahrens ist ein Bewerbungsgespr\u00e4ch in deutscher und polnischer Sprache im B\u00fcro des Gemeinsamen Sekretariats in Wroc\u0142aw;<\/li>\n\n\n\n<li>Die Stelle wird aus Mitteln des Europ\u00e4ischen Fonds f\u00fcr regionale Entwicklung mitfinanziert;<\/li>\n\n\n\n<li>Der\/die ausgew\u00e4hlte Kandidat:in verpflichtet sich, Nachweise \u00fcber Ausbildung und Berufserfahrung (mit entsprechender \u00dcbersetzung &#8211; falls erforderlich) einzureichen;<\/li>\n<\/ul>\n\n\n\n<p>Falls Sie Fragen haben oder weitere Informationen zum Aufgabenbereich der ausgeschriebenen Stelle brauchen, wenden Sie sich bitte an Frau Paulina Maloy unter: <a href=\"mailto:paulina.maloy@plsn.eu\">paulina.maloy@plsn.eu<\/a><\/p>\n\n\n\n<p><\/p>\n","protected":false},"excerpt":{"rendered":"<p>Das Zentrum f\u00fcr Europ\u00e4ische Projekte sucht einen Bewerber\/eine Bewerberin f\u00fcr die Stelle: Fachreferent:in f\u00fcr Projekte Das Kooperationsprogramm INTERREG Polen- Sachsen 2021\u20132027 Referenznummer WS-PLSN-2\/2025 Standort: Wroc\u0142aw, Polen Mehr \u00fcber uns erfahren Sie unter: www.plsn.eu, www.cpe.gov.pl. Gesuchte Kompetenzen Idealerweise verf\u00fcgt der Bewerber \/ die Berberberin \u00fcber Kenntnisse \u00fcber das F\u00f6rdergebiet des Kooperationsprogramms Interreg Polen-Sachsen sowie \u00fcber die [&hellip;]<\/p>\n","protected":false},"author":22,"featured_media":37430,"comment_status":"closed","ping_status":"open","sticky":false,"template":"","format":"standard","meta":{"_acf_changed":false,"inline_featured_image":false,"_themeisle_gutenberg_block_has_review":false,"footnotes":"","_links_to":"","_links_to_target":""},"categories":[1555,3],"tags":[],"class_list":["post-37422","post","type-post","status-publish","format-standard","has-post-thumbnail","hentry","category-aktuelles","category-aktualnosci"],"acf":[],"_links":{"self":[{"href":"https:\/\/plsn.eu\/de\/wp-json\/wp\/v2\/posts\/37422","targetHints":{"allow":["GET"]}}],"collection":[{"href":"https:\/\/plsn.eu\/de\/wp-json\/wp\/v2\/posts"}],"about":[{"href":"https:\/\/plsn.eu\/de\/wp-json\/wp\/v2\/types\/post"}],"author":[{"embeddable":true,"href":"https:\/\/plsn.eu\/de\/wp-json\/wp\/v2\/users\/22"}],"replies":[{"embeddable":true,"href":"https:\/\/plsn.eu\/de\/wp-json\/wp\/v2\/comments?post=37422"}],"version-history":[{"count":24,"href":"https:\/\/plsn.eu\/de\/wp-json\/wp\/v2\/posts\/37422\/revisions"}],"predecessor-version":[{"id":37483,"href":"https:\/\/plsn.eu\/de\/wp-json\/wp\/v2\/posts\/37422\/revisions\/37483"}],"wp:featuredmedia":[{"embeddable":true,"href":"https:\/\/plsn.eu\/de\/wp-json\/wp\/v2\/media\/37430"}],"wp:attachment":[{"href":"https:\/\/plsn.eu\/de\/wp-json\/wp\/v2\/media?parent=37422"}],"wp:term":[{"taxonomy":"category","embeddable":true,"href":"https:\/\/plsn.eu\/de\/wp-json\/wp\/v2\/categories?post=37422"},{"taxonomy":"post_tag","embeddable":true,"href":"https:\/\/plsn.eu\/de\/wp-json\/wp\/v2\/tags?post=37422"}],"curies":[{"name":"wp","href":"https:\/\/api.w.org\/{rel}","templated":true}]}}