{"id":37706,"date":"2025-08-05T12:48:32","date_gmt":"2025-08-05T10:48:32","guid":{"rendered":"https:\/\/plsn.eu\/?p=37706"},"modified":"2026-02-03T10:46:56","modified_gmt":"2026-02-03T09:46:56","slug":"neuer-projektantrag-im-stetigen-call-fuer-das-spezifische-ziel-klima","status":"publish","type":"post","link":"https:\/\/plsn.eu\/de\/neuer-projektantrag-im-stetigen-call-fuer-das-spezifische-ziel-klima\/","title":{"rendered":"Neue Projektantr\u00e4ge im stetigen Call (Klima und Bildung)"},"content":{"rendered":"\n<p><\/p>\n\n\n\n<h2 class=\"wp-block-heading\">Stetiger Call f\u00fcr spezifische Ziele: 1.1 Klima, 2.1 Bildung und 2.2 Kultur und Tourismus &#8211; zwei neue Projektantr\u00e4ge<\/h2>\n\n\n\n<p><\/p>\n\n\n\n<p>Bis zum Zwischenstichtag 31.07.2025 des stetigen Calls sind <strong>in spezifischen Zielen zwei neue Projektantr\u00e4ge eingetroffen:<\/strong><\/p>\n\n\n\n<ul class=\"wp-block-list\">\n<li><strong>1.1 KLIMA f\u00fcr die beantragte F\u00f6rderung von 2.478.902,00 EUR <\/strong><\/li>\n\n\n\n<li><strong>2.1 BILDUNG f\u00fcr die beabtragte F\u00f6rderung von 5.674.700,00 EUR<\/strong><\/li>\n<\/ul>\n\n\n\n<p>Derzeit l\u00e4uft die formale Bewertung<\/p>\n\n\n\n<p><\/p>\n\n\n\n<p>Die F\u00f6rdermittel im Rahmen des Kooperationsprogramms Interreg Polen &#8211; Sachsen 2021-2027 stammen aus dem Europ\u00e4ischen Fonds f\u00fcr Regionale Entwicklung. <\/p>\n\n\n\n<p>Zu Ihrer Verf\u00fcgung gibt es folgende Zwischenstichtage in allen Calls f\u00fcr neue Projektantr\u00e4ge, die mit Sitzungen des Begleitauschusses (BA) und Best\u00e4tigung der Projekte zur F\u00f6rderung verbunden sind: <\/p>\n\n\n\n<ul class=\"wp-block-list\">\n<li>30.09.2025 (BA-Sitzung 2. Quartal 2026)<\/li>\n\n\n\n<li>30.11.2025 (BA-Sitzung 2. Quartal 2026)<\/li>\n\n\n\n<li>31.01.2026 (BA-Sitzung 2. Quartal 2026)<\/li>\n<\/ul>\n\n\n\n<p>Mehr Informationen zu stetigen Calls finden Sie hier:&nbsp;<a href=\"https:\/\/plsn.eu\/de\/calls\/\"><strong>https:\/\/plsn.eu\/de\/calls\/<\/strong><\/a><\/p>\n\n\n\n<p>Wir warten auf Ihre Projekte!<\/p>\n","protected":false},"excerpt":{"rendered":"<p>Stetiger Call f\u00fcr spezifische Ziele: 1.1 Klima, 2.1 Bildung und 2.2 Kultur und Tourismus &#8211; zwei neue Projektantr\u00e4ge Bis zum Zwischenstichtag 31.07.2025 des stetigen Calls sind in spezifischen Zielen zwei neue Projektantr\u00e4ge eingetroffen: Derzeit l\u00e4uft die formale Bewertung Die F\u00f6rdermittel im Rahmen des Kooperationsprogramms Interreg Polen &#8211; Sachsen 2021-2027 stammen aus dem Europ\u00e4ischen Fonds f\u00fcr [&hellip;]<\/p>\n","protected":false},"author":22,"featured_media":37922,"comment_status":"closed","ping_status":"open","sticky":false,"template":"","format":"standard","meta":{"_acf_changed":false,"inline_featured_image":false,"_themeisle_gutenberg_block_has_review":false,"footnotes":"","_links_to":"","_links_to_target":""},"categories":[1555,3],"tags":[],"class_list":["post-37706","post","type-post","status-publish","format-standard","has-post-thumbnail","hentry","category-aktuelles","category-aktualnosci"],"acf":[],"_links":{"self":[{"href":"https:\/\/plsn.eu\/de\/wp-json\/wp\/v2\/posts\/37706","targetHints":{"allow":["GET"]}}],"collection":[{"href":"https:\/\/plsn.eu\/de\/wp-json\/wp\/v2\/posts"}],"about":[{"href":"https:\/\/plsn.eu\/de\/wp-json\/wp\/v2\/types\/post"}],"author":[{"embeddable":true,"href":"https:\/\/plsn.eu\/de\/wp-json\/wp\/v2\/users\/22"}],"replies":[{"embeddable":true,"href":"https:\/\/plsn.eu\/de\/wp-json\/wp\/v2\/comments?post=37706"}],"version-history":[{"count":14,"href":"https:\/\/plsn.eu\/de\/wp-json\/wp\/v2\/posts\/37706\/revisions"}],"predecessor-version":[{"id":39230,"href":"https:\/\/plsn.eu\/de\/wp-json\/wp\/v2\/posts\/37706\/revisions\/39230"}],"wp:featuredmedia":[{"embeddable":true,"href":"https:\/\/plsn.eu\/de\/wp-json\/wp\/v2\/media\/37922"}],"wp:attachment":[{"href":"https:\/\/plsn.eu\/de\/wp-json\/wp\/v2\/media?parent=37706"}],"wp:term":[{"taxonomy":"category","embeddable":true,"href":"https:\/\/plsn.eu\/de\/wp-json\/wp\/v2\/categories?post=37706"},{"taxonomy":"post_tag","embeddable":true,"href":"https:\/\/plsn.eu\/de\/wp-json\/wp\/v2\/tags?post=37706"}],"curies":[{"name":"wp","href":"https:\/\/api.w.org\/{rel}","templated":true}]}}