{"id":37904,"date":"2025-10-01T13:52:09","date_gmt":"2025-10-01T11:52:09","guid":{"rendered":"https:\/\/plsn.eu\/?p=37904"},"modified":"2025-10-13T14:05:38","modified_gmt":"2025-10-13T12:05:38","slug":"32-polsko-niemiecko-czeskie-forum-kooperacji-firm","status":"publish","type":"post","link":"https:\/\/plsn.eu\/de\/32-polsko-niemiecko-czeskie-forum-kooperacji-firm\/","title":{"rendered":"32. Polnisch-Deutsch-Tschechisches Kooperationsforum f\u00fcr Unternehmen"},"content":{"rendered":"\n<p><\/p>\n\n\n\n<p><strong>Sehr geehrte Damen und Herren,<\/strong><\/p>\n\n\n\n<p>die Riesengebirgsagentur f\u00fcr Regionale Entwicklung AG (Karkonoska Agencja Rozwoju Regionalnego KARR S.A.) l\u00e4dt Sie zur Teilnahme am <strong>32. Polnisch-Deutsch-Tschechischen Kooperationsforum f\u00fcr Unternehmen <\/strong>ein, das am<\/p>\n\n\n\n<p><strong>6. November 2025<\/strong> im<strong> Hotel Go\u0142\u0119biewski, Karpacz (ul. Karkonoska 14) <\/strong>stattfindet.<\/p>\n\n\n\n<p><\/p>\n\n\n\n<p><strong>Warum ist die Teilnahme emfehlenswert?<\/strong><\/p>\n\n\n\n<ul class=\"wp-block-list\">\n<li>Erfahrungsaustausch mit Unternehmern aus Polen, Deutschland und der Tschechischen Republik,<\/li>\n\n\n\n<li>Teilnahme an der Kooperationsb\u00f6rse und Anbahnung neuer Gesch\u00e4ftskontakte,<\/li>\n\n\n\n<li>anregende Vortr\u00e4ge \u00fcber Trends in der Energiewirtschaft,<\/li>\n\n\n\n<li>W\u00e4hrend des Forums werden Sie auch erfahren, wie k\u00fcnstliche Intelligenz Ihrem Unternehmen helfen kann, Zeit, Geld und Energie zu sparen.\u00a0<\/li>\n<\/ul>\n\n\n\n<p><strong>Die Teilnahme am Forum ist kostenlos.<\/strong><\/p>\n\n\n\n<p><\/p>\n\n\n\n<p><\/p>\n\n\n\n<p><strong>Anmeldung<\/strong><br>Die Anmeldung l\u00e4uft bis zum 17. Oktober 2025 oder solange es verf\u00fcgbare Pl\u00e4tze gibt.\u00a0<\/p>\n\n\n\n<p><a href=\"https:\/\/forumsystem.eu\/konferenz\/88\" rel=\"nofollow noopener\" target=\"_blank\">[ANMELDEFORMULAR]<\/a><\/p>\n\n\n\n<p>Das Programm der Veranstaltung finden Sie hier: <a href=\"https:\/\/karr.pl\/wp-content\/uploads\/2025\/08\/Forum_ulotka_DE.pdf\" rel=\"nofollow noopener\" target=\"_blank\">[Link zum Flyer]<\/a><\/p>\n\n\n\n<p><\/p>\n\n\n\n<p>32. Polnisch-Deutsch-Tschechisches Kooperationsforum f\u00fcr Unternehmen wird <strong>im Rahmen des strategischen Projekts \u201eGr\u00fcne Zukunft des Grenzraumes\u201c<\/strong> umgesetzt, das von der Europ\u00e4ischen Union aus dem Europ\u00e4ischen Fonds f\u00fcr regionale Entwicklung im Rahmen des Kooperationsprogramms INTERREG Polen-Sachsen 2021-2027 kofinanziert wird.<\/p>\n\n\n\n<figure class=\"wp-block-image size-full\"><img loading=\"lazy\" decoding=\"async\" width=\"774\" height=\"387\" src=\"https:\/\/plsn.eu\/wp-content\/uploads\/2025\/10\/image-3.jpeg\" alt=\"\" class=\"wp-image-37908\" srcset=\"https:\/\/plsn.eu\/wp-content\/uploads\/2025\/10\/image-3.jpeg 774w, https:\/\/plsn.eu\/wp-content\/uploads\/2025\/10\/image-3-300x150.jpeg 300w, https:\/\/plsn.eu\/wp-content\/uploads\/2025\/10\/image-3-768x384.jpeg 768w\" sizes=\"auto, (max-width: 774px) 100vw, 774px\" \/><\/figure>\n","protected":false},"excerpt":{"rendered":"<p>Sehr geehrte Damen und Herren, die Riesengebirgsagentur f\u00fcr Regionale Entwicklung AG (Karkonoska Agencja Rozwoju Regionalnego KARR S.A.) l\u00e4dt Sie zur Teilnahme am 32. Polnisch-Deutsch-Tschechischen Kooperationsforum f\u00fcr Unternehmen ein, das am 6. November 2025 im Hotel Go\u0142\u0119biewski, Karpacz (ul. Karkonoska 14) stattfindet. Warum ist die Teilnahme emfehlenswert? Die Teilnahme am Forum ist kostenlos. AnmeldungDie Anmeldung l\u00e4uft [&hellip;]<\/p>\n","protected":false},"author":22,"featured_media":37884,"comment_status":"closed","ping_status":"open","sticky":false,"template":"","format":"standard","meta":{"_acf_changed":false,"inline_featured_image":false,"_themeisle_gutenberg_block_has_review":false,"footnotes":"","_links_to":"","_links_to_target":""},"categories":[1555,3],"tags":[],"class_list":["post-37904","post","type-post","status-publish","format-standard","has-post-thumbnail","hentry","category-aktuelles","category-aktualnosci"],"acf":[],"_links":{"self":[{"href":"https:\/\/plsn.eu\/de\/wp-json\/wp\/v2\/posts\/37904","targetHints":{"allow":["GET"]}}],"collection":[{"href":"https:\/\/plsn.eu\/de\/wp-json\/wp\/v2\/posts"}],"about":[{"href":"https:\/\/plsn.eu\/de\/wp-json\/wp\/v2\/types\/post"}],"author":[{"embeddable":true,"href":"https:\/\/plsn.eu\/de\/wp-json\/wp\/v2\/users\/22"}],"replies":[{"embeddable":true,"href":"https:\/\/plsn.eu\/de\/wp-json\/wp\/v2\/comments?post=37904"}],"version-history":[{"count":7,"href":"https:\/\/plsn.eu\/de\/wp-json\/wp\/v2\/posts\/37904\/revisions"}],"predecessor-version":[{"id":37920,"href":"https:\/\/plsn.eu\/de\/wp-json\/wp\/v2\/posts\/37904\/revisions\/37920"}],"wp:featuredmedia":[{"embeddable":true,"href":"https:\/\/plsn.eu\/de\/wp-json\/wp\/v2\/media\/37884"}],"wp:attachment":[{"href":"https:\/\/plsn.eu\/de\/wp-json\/wp\/v2\/media?parent=37904"}],"wp:term":[{"taxonomy":"category","embeddable":true,"href":"https:\/\/plsn.eu\/de\/wp-json\/wp\/v2\/categories?post=37904"},{"taxonomy":"post_tag","embeddable":true,"href":"https:\/\/plsn.eu\/de\/wp-json\/wp\/v2\/tags?post=37904"}],"curies":[{"name":"wp","href":"https:\/\/api.w.org\/{rel}","templated":true}]}}