{"id":37984,"date":"2025-10-14T12:54:13","date_gmt":"2025-10-14T10:54:13","guid":{"rendered":"https:\/\/plsn.eu\/?p=37984"},"modified":"2025-10-15T12:55:36","modified_gmt":"2025-10-15T10:55:36","slug":"strategischer-aufruf-zur-kapitalisierung-qa-webinar","status":"publish","type":"post","link":"https:\/\/plsn.eu\/de\/strategischer-aufruf-zur-kapitalisierung-qa-webinar\/","title":{"rendered":"Strategischer Aufruf zur Kapitalisierung &#8211; Q@A WEBINAR"},"content":{"rendered":"\n<p><\/p>\n\n\n\n<p>Im Programm Interreg CENTRAL EUROPE wird <strong>ein Strategischer Aufruf zur Kapitalisierung<\/strong> gestartet.<br>Das Ziel dieses Aufrufs besteht darin, die Auswirkungen von Grenzen auf Str\u00f6me und funktionale Verbindungen zwischen den Regionen zu verringern. Projekte dieser Art k\u00f6nnen um zu einer wettbewerbsf\u00e4higeren und widerstandsf\u00e4higeren Mitte Europas beitragen.<\/p>\n\n\n\n<p>Es besteht immer noch die M\u00f6glichkeit, an dem <strong>Q&amp;A-Webinar<\/strong> teilzunehmen, das <strong>ausschlie\u00dflich der Beantwortung Ihrer Fragen zu diesem Aufruf<\/strong> gewidmet ist. <\/p>\n\n\n\n<p>Das WEBINAR wird auf Englisch durchgef\u00fchrt.<\/p>\n\n\n\n<p>WANN?<br><strong><mark style=\"background-color:rgba(0, 0, 0, 0)\" class=\"has-inline-color has-vivid-cyan-blue-color\">AM DONNERSTAG, den 16. OKTOBER 2025 von 10:30 bis 12:00 Uhr (ONLINE)<\/mark><\/strong><\/p>\n\n\n\n<p> Die Anmeldung erfolgt durch den Link: <a href=\"https:\/\/community.interreg-central.eu\/signup\" rel=\"nofollow noopener\" target=\"_blank\">https:\/\/community.interreg-central.eu\/signup<\/a><\/p>\n\n\n\n<p>Z\u00f6gern Sie nicht, schon jetzt die Fragen auf SLIDO zu stellen: <a href=\"https:\/\/app.sli.do\/event\/rX4DJBHZDiJsNZYpTUHbVx\/live\/questions\" rel=\"nofollow noopener\" target=\"_blank\">https:\/\/app.sli.do\/event\/rX4DJBHZDiJsNZYpTUHbVx\/live\/questions<\/a><\/p>\n\n\n\n<p>F\u00fcr weitere Informationen zu <strong>Unterst\u00fctzungsma\u00dfnahmen auf transnationaler und nationaler Ebene<\/strong> besuchen Sie bitte die Website von Interreg CENTRAL EUROPE: <a href=\"https:\/\/www.interreg-central.eu\/\" rel=\"nofollow noopener\" target=\"_blank\">https:\/\/www.interreg-central.eu\/<\/a><\/p>\n\n\n\n<p><\/p>\n\n\n\n<figure class=\"wp-block-image size-full\"><img loading=\"lazy\" decoding=\"async\" width=\"812\" height=\"347\" src=\"https:\/\/plsn.eu\/wp-content\/uploads\/2025\/10\/Interreg-Central-Europe-QA-Webinar-16102025-grafika-1.jpg\" alt=\"\" class=\"wp-image-37980\" srcset=\"https:\/\/plsn.eu\/wp-content\/uploads\/2025\/10\/Interreg-Central-Europe-QA-Webinar-16102025-grafika-1.jpg 812w, https:\/\/plsn.eu\/wp-content\/uploads\/2025\/10\/Interreg-Central-Europe-QA-Webinar-16102025-grafika-1-300x128.jpg 300w, https:\/\/plsn.eu\/wp-content\/uploads\/2025\/10\/Interreg-Central-Europe-QA-Webinar-16102025-grafika-1-768x328.jpg 768w\" sizes=\"auto, (max-width: 812px) 100vw, 812px\" \/><\/figure>\n","protected":false},"excerpt":{"rendered":"<p>Im Programm Interreg CENTRAL EUROPE wird ein Strategischer Aufruf zur Kapitalisierung gestartet.Das Ziel dieses Aufrufs besteht darin, die Auswirkungen von Grenzen auf Str\u00f6me und funktionale Verbindungen zwischen den Regionen zu verringern. Projekte dieser Art k\u00f6nnen um zu einer wettbewerbsf\u00e4higeren und widerstandsf\u00e4higeren Mitte Europas beitragen. Es besteht immer noch die M\u00f6glichkeit, an dem Q&amp;A-Webinar teilzunehmen, das [&hellip;]<\/p>\n","protected":false},"author":22,"featured_media":37981,"comment_status":"closed","ping_status":"open","sticky":false,"template":"","format":"standard","meta":{"_acf_changed":false,"inline_featured_image":false,"_themeisle_gutenberg_block_has_review":false,"footnotes":"","_links_to":"","_links_to_target":""},"categories":[1555,3],"tags":[],"class_list":["post-37984","post","type-post","status-publish","format-standard","has-post-thumbnail","hentry","category-aktuelles","category-aktualnosci"],"acf":[],"_links":{"self":[{"href":"https:\/\/plsn.eu\/de\/wp-json\/wp\/v2\/posts\/37984","targetHints":{"allow":["GET"]}}],"collection":[{"href":"https:\/\/plsn.eu\/de\/wp-json\/wp\/v2\/posts"}],"about":[{"href":"https:\/\/plsn.eu\/de\/wp-json\/wp\/v2\/types\/post"}],"author":[{"embeddable":true,"href":"https:\/\/plsn.eu\/de\/wp-json\/wp\/v2\/users\/22"}],"replies":[{"embeddable":true,"href":"https:\/\/plsn.eu\/de\/wp-json\/wp\/v2\/comments?post=37984"}],"version-history":[{"count":4,"href":"https:\/\/plsn.eu\/de\/wp-json\/wp\/v2\/posts\/37984\/revisions"}],"predecessor-version":[{"id":37988,"href":"https:\/\/plsn.eu\/de\/wp-json\/wp\/v2\/posts\/37984\/revisions\/37988"}],"wp:featuredmedia":[{"embeddable":true,"href":"https:\/\/plsn.eu\/de\/wp-json\/wp\/v2\/media\/37981"}],"wp:attachment":[{"href":"https:\/\/plsn.eu\/de\/wp-json\/wp\/v2\/media?parent=37984"}],"wp:term":[{"taxonomy":"category","embeddable":true,"href":"https:\/\/plsn.eu\/de\/wp-json\/wp\/v2\/categories?post=37984"},{"taxonomy":"post_tag","embeddable":true,"href":"https:\/\/plsn.eu\/de\/wp-json\/wp\/v2\/tags?post=37984"}],"curies":[{"name":"wp","href":"https:\/\/api.w.org\/{rel}","templated":true}]}}