{"id":38153,"date":"2025-10-30T10:04:00","date_gmt":"2025-10-30T09:04:00","guid":{"rendered":"https:\/\/plsn.eu\/?p=38153"},"modified":"2025-10-31T10:07:48","modified_gmt":"2025-10-31T09:07:48","slug":"schon-in-einer-woche-32-polnisch-deutsch-tschechisches-koopertionsforum-fuer-unternehmen","status":"publish","type":"post","link":"https:\/\/plsn.eu\/de\/schon-in-einer-woche-32-polnisch-deutsch-tschechisches-koopertionsforum-fuer-unternehmen\/","title":{"rendered":"Schon in einer Woche 32. POLNISCH-DEUTSCH-TSCHECHISCHES KOOPERTIONSFORUM F\u00dcR UNTERNEHMEN"},"content":{"rendered":"\n<p><\/p>\n\n\n\n<p>Es ist bereits die <strong>32. Ausgabe der regionalen Partnerb\u00f6rse,<\/strong> die <strong>drei Nachbarn \u2013 Polen, Deutschland und Tschechien \u2013 miteinander verbindet<\/strong>. Wir freuen uns sehr, dass wir als Interreg-Kooperationsprogramm dieses gro\u00dfen und wichtigen Vorhabens unterst\u00fctzen und f\u00f6rdern k\u00f6nnen.<br>Jedes Jahr nehmen an dem Forum mehrere Hundert Unternehmerinnen und Unternehmer sowie Institutionen teil, die nach gesch\u00e4ftlichen und institutionellen Kontakten suchen \u2013 und das nat\u00fcrlich nicht ohne gute nachbarschaftliche Beziehungen!<\/p>\n\n\n\n<p>Einzelheiten zur kommenden Veranstaltung finden Sie hier: <a href=\"https:\/\/karr.pl\/wp-content\/uploads\/2025\/08\/Forum_ulotka_DE.pdf\" rel=\"nofollow noopener\" target=\"_blank\">https:\/\/karr.pl\/wp-content\/uploads\/2025\/08\/Forum_ulotka_DE.pdf<\/a><\/p>\n\n\n\n<p><\/p>\n\n\n\n<p>Das diesj\u00e4hrige und das letztj\u00e4hrige Forum sind Teil des Vorhabens <strong><mark style=\"background-color:rgba(0, 0, 0, 0)\" class=\"has-inline-color has-vivid-green-cyan-color\">\u201eGr\u00fcne Zukunft des Grenzraumes\u201c<\/mark><\/strong>, das in unserem Programm den Status eines <strong>STRATEGISCHEN PROJEKTS<\/strong> erhalten hat.<br>Mehr dar\u00fcber erfahren Sie hier: <a href=\"https:\/\/plsn.eu\/de\/3-sekretariate-2-laender-1-ziel\/\">https:\/\/plsn.eu\/de\/3-sekretariate-2-laender-1-ziel\/<\/a><\/p>\n\n\n\n<p><\/p>\n\n\n\n<p>Der Gastgeber der Veranstaltung sorgt f\u00fcr eine zuverl\u00e4ssige Sprachkommunikation: der gesamte Ablauf des Treffens wird simultan in drei Sprachen \u00fcbersetzt, und die individuellen B2B-Gespr\u00e4che werden von Dolmetschern konsekutiv \u00fcbersetzt.<\/p>\n\n\n\n<p>Das Forum wird aus dem Europ\u00e4ischen Fonds f\u00fcr regionale Entwicklung (EFRE) im Rahmen des Kooperationsprogramms Interreg Polen\u2013Sachsen 2021\u20132027 kofinanziert.<\/p>\n\n\n\n<p>Weitere Ausgaben des Forums, die im Rahmen von Interreg Polen\u2013Sachsen umgesetzt wurden, sind:<\/p>\n\n\n\n<p><strong>2024<\/strong><br><strong><strong><mark style=\"background-color:rgba(0, 0, 0, 0)\" class=\"has-inline-color has-vivid-green-cyan-color\">Gr\u00fcne Zukunft des Grenzraumes<\/mark><\/strong><br><\/strong>31. Polnisch-Deutsch-Tschechsisches Kooperationsforum f\u00fcr Unternehmen<\/p>\n\n\n\n<p><strong>2022<\/strong><br>EnergyTransPolSax \u2013 Gemeinsam neue Trends der Energiewirtschaft entdecken<br>29. Polnisch-Deutsch-Tschechsisches Kooperationsforum f\u00fcr Unternehmen<\/p>\n\n\n\n<p><strong>2021<\/strong><br>EnergyTransPolSax\u2013 Gemeinsam neue Trends der Energiewirtschaft entdecken<br>28. Polnisch-Deutsch-Tschechsisches Kooperationsforum f\u00fcr Unternehmen<\/p>\n\n\n\n<p><strong>2019<\/strong><br>DigiNetPolSax \u2013 Digitalisierung f\u00fcr den gemeinsamen Wirtschaftsraum<br>26. Polnisch-Deutsch-Tschechsisches Kooperationsforum f\u00fcr Unternehmen<\/p>\n\n\n\n<p><strong>2018<br><\/strong>InnoCoopPolSax \u2013 Unterst\u00fctzung grenz\u00fcbergreifender und innovationsf\u00f6rdernder Kooperationen<br>im polnisch-s\u00e4chsischen Grenzraum<br>25. Polnisch-Deutsch-Tschechsisches Kooperationsforum f\u00fcr Unternehmen<\/p>\n\n\n\n<p><strong>2017<br><\/strong>InnoCoopPolSax \u2013 Unterst\u00fctzung grenz\u00fcbergreifender und innovationsf\u00f6rdernder Kooperationen<br>im polnisch-s\u00e4chsischen Grenzraum<br>24. Polnisch-Deutsch-Tschechsisches Kooperationsforum f\u00fcr Unternehmen<\/p>\n\n\n\n<p><\/p>\n\n\n\n<p>Wir empfehlen auch einen Videobericht von der vorj\u00e4hrigen Veranstaltung:<\/p>\n\n\n\n<p> <a href=\"https:\/\/youtu.be\/OyvsDdFEPek?si=US4FhNZT-ttZ7sOP\" target=\"_blank\" rel=\"noreferrer noopener nofollow\">https:\/\/youtu.be\/OyvsDdFEPek?si=US4FhNZT-ttZ7sOP<\/a><\/p>\n\n\n\n<p><\/p>\n","protected":false},"excerpt":{"rendered":"<p>Es ist bereits die 32. Ausgabe der regionalen Partnerb\u00f6rse, die drei Nachbarn \u2013 Polen, Deutschland und Tschechien \u2013 miteinander verbindet. Wir freuen uns sehr, dass wir als Interreg-Kooperationsprogramm dieses gro\u00dfen und wichtigen Vorhabens unterst\u00fctzen und f\u00f6rdern k\u00f6nnen.Jedes Jahr nehmen an dem Forum mehrere Hundert Unternehmerinnen und Unternehmer sowie Institutionen teil, die nach gesch\u00e4ftlichen und institutionellen [&hellip;]<\/p>\n","protected":false},"author":22,"featured_media":38152,"comment_status":"closed","ping_status":"open","sticky":false,"template":"","format":"standard","meta":{"_acf_changed":false,"inline_featured_image":false,"_themeisle_gutenberg_block_has_review":false,"footnotes":"","_links_to":"","_links_to_target":""},"categories":[3],"tags":[],"class_list":["post-38153","post","type-post","status-publish","format-standard","has-post-thumbnail","hentry","category-aktualnosci"],"acf":[],"_links":{"self":[{"href":"https:\/\/plsn.eu\/de\/wp-json\/wp\/v2\/posts\/38153","targetHints":{"allow":["GET"]}}],"collection":[{"href":"https:\/\/plsn.eu\/de\/wp-json\/wp\/v2\/posts"}],"about":[{"href":"https:\/\/plsn.eu\/de\/wp-json\/wp\/v2\/types\/post"}],"author":[{"embeddable":true,"href":"https:\/\/plsn.eu\/de\/wp-json\/wp\/v2\/users\/22"}],"replies":[{"embeddable":true,"href":"https:\/\/plsn.eu\/de\/wp-json\/wp\/v2\/comments?post=38153"}],"version-history":[{"count":11,"href":"https:\/\/plsn.eu\/de\/wp-json\/wp\/v2\/posts\/38153\/revisions"}],"predecessor-version":[{"id":38166,"href":"https:\/\/plsn.eu\/de\/wp-json\/wp\/v2\/posts\/38153\/revisions\/38166"}],"wp:featuredmedia":[{"embeddable":true,"href":"https:\/\/plsn.eu\/de\/wp-json\/wp\/v2\/media\/38152"}],"wp:attachment":[{"href":"https:\/\/plsn.eu\/de\/wp-json\/wp\/v2\/media?parent=38153"}],"wp:term":[{"taxonomy":"category","embeddable":true,"href":"https:\/\/plsn.eu\/de\/wp-json\/wp\/v2\/categories?post=38153"},{"taxonomy":"post_tag","embeddable":true,"href":"https:\/\/plsn.eu\/de\/wp-json\/wp\/v2\/tags?post=38153"}],"curies":[{"name":"wp","href":"https:\/\/api.w.org\/{rel}","templated":true}]}}